{"id":263956,"date":"2019-01-08T18:21:04","date_gmt":"2019-01-08T17:21:04","guid":{"rendered":"https:\/\/hashtag.al\/?p=263956"},"modified":"2019-01-08T18:22:00","modified_gmt":"2019-01-08T17:22:00","slug":"alarmi-per-fruth-reagon-ishp-nuk-ka-vend-per-panik","status":"publish","type":"post","link":"https:\/\/www.hashtag.al\/index.php\/2019\/01\/08\/alarmi-per-fruth-reagon-ishp-nuk-ka-vend-per-panik\/","title":{"rendered":"Alarmi p\u00ebr fruth, reagon ISHP: Nuk ka vend p\u00ebr panik","gt_translate_keys":[{"key":"rendered","format":"text"}]},"content":{"rendered":"<p><img loading=\"lazy\" decoding=\"async\" class=\"aligncenter size-full wp-image-174311\" src=\"https:\/\/hashtag.al\/wp-content\/uploads\/2018\/03\/fruthi.jpg\" alt=\"\" width=\"1023\" height=\"575\" \/><\/p>\n<p>3 persona jan\u00eb diagnostikuar me fruth n\u00eb qytetin e Beratit dhe mjek\u00ebt jan\u00eb shprehur se t\u00eb gjith\u00eb f\u00ebmij\u00ebt q\u00eb nuk jan\u00eb vaksinuar duhet t\u00eb vaksinohen.\u00a0 N\u00eb lidhje me k\u00ebt\u00eb ka reaguar edhe\u00a0\u00a0Instituti i Sh\u00ebndetit Publik, i cili shprehet se nuk ka vend p\u00ebr panik.<\/p>\n<p><strong>Njoftimi:\u00a0<\/strong><\/p>\n<p>Instituti i Sh\u00ebndetit Publik informon se tre rastet me fruth t\u00eb sh\u00ebnuara n\u00eb qytetin e Beratit jan\u00eb negative.<br \/>\nGjithashtu ISHP konfirmon se nga ndjekja periodike, n\u00eb Shqip\u00ebri ka nj\u00eb r\u00ebnie t\u00eb rasteve t\u00eb epidemis\u00eb s\u00eb fruthit n\u00eb muajin dhjetor.<br \/>\nISHP ju b\u00ebn me dije se gjat\u00eb vitit 2018 jan\u00eb kryer mbi 109 562 vaksinime nga t\u00eb cilat mbi 48442 jan\u00eb vaksinime t\u00eb rutin\u00ebs, sipas planeve mujore (p\u00ebr moshat 1 dhe 5 vje\u00e7) dhe mbi 61120 vaksinime jasht\u00eb rutin\u00ebs q\u00eb i\u2019u takojn\u00eb personave t\u00eb kontaktit apo individeve q\u00eb rezultojn\u00eb me nj\u00eb doz\u00eb vaksine fruthi.<br \/>\nMasat e kontrollit<br \/>\n&#8211; Izolimi n\u00eb pavione t\u00eb caktuara (n\u00eb pediatri dhe tek t\u00eb rriturit) dhe vet\u00ebizolimi p\u00ebr rastet ambulatore.<br \/>\n&#8211; Masa standarte t\u00eb kontrollit t\u00eb infeksionit dhe t\u00eb transmetitmit ajror<br \/>\n&#8211; P\u00ebrdorim i maskave nga personeli dhe pacient\u00ebt kur shkojn\u00eb n\u00eb ekzaminime<br \/>\n&#8211; Vaksinim i personelit<br \/>\n&#8211; Monitorim i gjendjes mbrojt\u00ebse t\u00eb personelit ndaj Fruthit<br \/>\n&#8211; Vaksinim brenda 72 or\u00ebve i kontakteve<br \/>\n&#8211; Vendosja e survejanc\u00ebs aktive n\u00eb QSUT dhe ne nivel kombetar.<br \/>\n&#8211; Takime dhe trajnime me pjes\u00ebmarrjen e mjek\u00ebve t\u00eb institucioneve parashkollore dhe shkollore si dhe mjek\u00ebve t\u00eb familjes.<br \/>\nP\u00ebr t\u00eb parandaluar fruthin ISHP k\u00ebshillon prind\u00ebrit dhe f\u00ebmij\u00ebt p\u00ebr vaksinim. Vaksinimi kund\u00ebr fruthit p\u00ebr f\u00ebmij\u00ebt, sipas Kalendarit Baz\u00eb t\u00eb Vaksinimit, \u00ebsht\u00eb mbrojtja m\u00eb e mir\u00eb p\u00ebr parandaluar fruthin si dhe p\u00ebr t\u00eb ulur rastet e vdekjeve nga fruthi.<br \/>\nOrganizata Bot\u00ebrore e Sh\u00ebndet\u00ebsis\u00eb rekomandon vaksinimin e t\u00eb gjith\u00eb f\u00ebmij\u00ebve si dhe t\u00eb rriturve q\u00eb jan\u00eb n\u00eb rrezik p\u00ebr t\u2019u infektuar, p\u00ebr t\u00eb cil\u00ebt kryerja e vaksin\u00ebs s\u00eb fruthit nuk \u00ebsht\u00eb e kund\u00ebrindikuar.<\/p>\n<p><img loading=\"lazy\" decoding=\"async\" class=\"aligncenter size-full wp-image-186308\" src=\"https:\/\/hashtag.al\/wp-content\/uploads\/2018\/04\/fruthi.jpg\" alt=\"\" width=\"933\" height=\"445\" \/><\/p>\n","protected":false,"gt_translate_keys":[{"key":"rendered","format":"html"}]},"excerpt":{"rendered":"<p>3 persona jan\u00eb diagnostikuar me fruth n\u00eb qytetin e Beratit dhe mjek\u00ebt jan\u00eb shprehur se t\u00eb gjith\u00eb f\u00ebmij\u00ebt q\u00eb nuk jan\u00eb vaksinuar duhet t\u00eb vaksinohen.\u00a0 N\u00eb lidhje me k\u00ebt\u00eb ka reaguar edhe\u00a0\u00a0Instituti i Sh\u00ebndetit Publik, i cili shprehet se nuk ka vend p\u00ebr panik. Njoftimi:\u00a0 Instituti i Sh\u00ebndetit Publik informon se tre rastet me fruth [&hellip;]<\/p>\n","protected":false,"gt_translate_keys":[{"key":"rendered","format":"html"}]},"author":51,"featured_media":161487,"comment_status":"open","ping_status":"open","sticky":false,"template":"","format":"standard","meta":{"footnotes":""},"categories":[65,13],"tags":[],"class_list":["post-263956","post","type-post","status-publish","format-standard","has-post-thumbnail","hentry","category-lajme","category-te-fundit"],"gt_translate_keys":[{"key":"link","format":"url"}],"_links":{"self":[{"href":"https:\/\/www.hashtag.al\/index.php\/wp-json\/wp\/v2\/posts\/263956","targetHints":{"allow":["GET"]}}],"collection":[{"href":"https:\/\/www.hashtag.al\/index.php\/wp-json\/wp\/v2\/posts"}],"about":[{"href":"https:\/\/www.hashtag.al\/index.php\/wp-json\/wp\/v2\/types\/post"}],"author":[{"embeddable":true,"href":"https:\/\/www.hashtag.al\/index.php\/wp-json\/wp\/v2\/users\/51"}],"replies":[{"embeddable":true,"href":"https:\/\/www.hashtag.al\/index.php\/wp-json\/wp\/v2\/comments?post=263956"}],"version-history":[{"count":0,"href":"https:\/\/www.hashtag.al\/index.php\/wp-json\/wp\/v2\/posts\/263956\/revisions"}],"wp:featuredmedia":[{"embeddable":true,"href":"https:\/\/www.hashtag.al\/index.php\/wp-json\/"}],"wp:attachment":[{"href":"https:\/\/www.hashtag.al\/index.php\/wp-json\/wp\/v2\/media?parent=263956"}],"wp:term":[{"taxonomy":"category","embeddable":true,"href":"https:\/\/www.hashtag.al\/index.php\/wp-json\/wp\/v2\/categories?post=263956"},{"taxonomy":"post_tag","embeddable":true,"href":"https:\/\/www.hashtag.al\/index.php\/wp-json\/wp\/v2\/tags?post=263956"}],"curies":[{"name":"wp","href":"https:\/\/api.w.org\/{rel}","templated":true}]}}