{"id":263941,"date":"2019-01-08T17:31:20","date_gmt":"2019-01-08T16:31:20","guid":{"rendered":"https:\/\/hashtag.al\/?p=263941"},"modified":"2019-01-08T17:46:48","modified_gmt":"2019-01-08T16:46:48","slug":"banoret-e-astirit-artan-lames-kemi-15-vite-qe-presim-legalizimin-turp-qe-do-ti-prishesh-video","status":"publish","type":"post","link":"https:\/\/www.hashtag.al\/index.php\/2019\/01\/08\/banoret-e-astirit-artan-lames-kemi-15-vite-qe-presim-legalizimin-turp-qe-do-ti-prishesh-video\/","title":{"rendered":"Banor\u00ebt e Astirit-Artan Lames: Kemi 15 vite q\u00eb presim legalizimin, turp q\u00eb do t&#8217;i prish\u00ebsh (VIDEO)","gt_translate_keys":[{"key":"rendered","format":"text"}]},"content":{"rendered":"<p><img loading=\"lazy\" decoding=\"async\" class=\"aligncenter size-full wp-image-263942\" src=\"https:\/\/hashtag.al\/wp-content\/uploads\/2019\/01\/artan-lame.jpg\" alt=\"\" width=\"494\" height=\"260\" srcset=\"https:\/\/www.hashtag.al\/wp-content\/uploads\/2019\/01\/artan-lame.jpg 494w, https:\/\/www.hashtag.al\/wp-content\/uploads\/2019\/01\/artan-lame-300x158.jpg 300w\" sizes=\"auto, (max-width: 494px) 100vw, 494px\" \/><\/p>\n<p><span style=\"color: #000000;\">Banor\u00ebt e Astrit kan\u00eb dal\u00eb s\u00ebrish dit\u00ebn e sotme n\u00eb protest\u00eb pasi jan\u00eb kund\u00ebr projektit t\u00eb &#8220;Unaz\u00ebs s\u00eb Re&#8221;.\u00a0 N\u00eb mb\u00ebshtejte t\u00eb tyre jan\u00eb edhe deputet\u00ebt e opozit\u00ebs si Klevis Balliu dhe Nora Malaj.<\/span><\/p>\n<p><span style=\"color: #000000;\">&#8220;Ju jeni taksapaguesit m\u00eb t\u00eb rregullt. Sot vendi duhet t\u00eb ket\u00eb fjal\u00ebn drejt\u00ebsi. Duhet t\u00eb shkojn\u00eb prapa hekurave t\u00eb gjith\u00eb ata q\u00eb kan\u00eb b\u00ebr\u00eb k\u00ebt\u00eb aferr\u00eb korruptive. Ka ardhur momenti t&#8217;i themi qeveris\u00eb: Rama ik. Nuk \u00ebsht\u00eb turp kur nuk di\u00a0 t\u00eb drejtosh vendin. Do t\u00eb t\u00ebrheqin zvarr\u00eb dhe mesa duket ka ardhur momenti dhe k\u00ebshtu mund t&#8217;i japin zgjidhje problemit&#8221;, u shpreh Nora Malaj.\u00a0<\/span><\/p>\n<p><span style=\"color: #000000;\">&#8220;E duam Shqip\u00ebrin\u00eb pa Edi Ram\u00ebn. Dua t&#8217;i b\u00ebj nj\u00eb thirrje Artan Lames. Ke sjell\u00eb skualifikime n\u00eb &#8216;Unaz\u00eb t\u00eb Re&#8217;. Pse i solle tani, pse pasi doli si aferr\u00eb korruptive? Turp p\u00ebr Artan Lamen. Zotri t\u00ebrhiq at\u00eb ligj q\u00eb ke marr\u00eb,\u00a0 kemi 15 vite q\u00eb presin legalizime, ti na d\u00ebrgon shkres\u00eb p\u00ebr t\u00eb na i prishur.&#8221;, u shpreh nj\u00eb qytetar.<\/span><\/p>\n<p>&nbsp;<\/p>\n<p>&nbsp;<\/p>\n<p><iframe loading=\"lazy\" style=\"border: none; overflow: hidden;\" src=\"https:\/\/www.facebook.com\/plugins\/video.php?href=https%3A%2F%2Fwww.facebook.com%2Fpartiademokratike%2Fvideos%2F334077160530983%2F&amp;show_text=0&amp;width=560\" width=\"560\" height=\"315\" frameborder=\"0\" scrolling=\"no\" allowfullscreen=\"allowfullscreen\"><\/iframe><\/p>\n","protected":false,"gt_translate_keys":[{"key":"rendered","format":"html"}]},"excerpt":{"rendered":"<p>Banor\u00ebt e Astrit kan\u00eb dal\u00eb s\u00ebrish dit\u00ebn e sotme n\u00eb protest\u00eb pasi jan\u00eb kund\u00ebr projektit t\u00eb &#8220;Unaz\u00ebs s\u00eb Re&#8221;.\u00a0 N\u00eb mb\u00ebshtejte t\u00eb tyre jan\u00eb edhe deputet\u00ebt e opozit\u00ebs si Klevis Balliu dhe Nora Malaj. &#8220;Ju jeni taksapaguesit m\u00eb t\u00eb rregullt. Sot vendi duhet t\u00eb ket\u00eb fjal\u00ebn drejt\u00ebsi. Duhet t\u00eb shkojn\u00eb prapa hekurave t\u00eb gjith\u00eb ata [&hellip;]<\/p>\n","protected":false,"gt_translate_keys":[{"key":"rendered","format":"html"}]},"author":51,"featured_media":263942,"comment_status":"open","ping_status":"open","sticky":false,"template":"","format":"standard","meta":{"footnotes":""},"categories":[65,13],"tags":[],"class_list":["post-263941","post","type-post","status-publish","format-standard","has-post-thumbnail","hentry","category-lajme","category-te-fundit"],"gt_translate_keys":[{"key":"link","format":"url"}],"_links":{"self":[{"href":"https:\/\/www.hashtag.al\/index.php\/wp-json\/wp\/v2\/posts\/263941","targetHints":{"allow":["GET"]}}],"collection":[{"href":"https:\/\/www.hashtag.al\/index.php\/wp-json\/wp\/v2\/posts"}],"about":[{"href":"https:\/\/www.hashtag.al\/index.php\/wp-json\/wp\/v2\/types\/post"}],"author":[{"embeddable":true,"href":"https:\/\/www.hashtag.al\/index.php\/wp-json\/wp\/v2\/users\/51"}],"replies":[{"embeddable":true,"href":"https:\/\/www.hashtag.al\/index.php\/wp-json\/wp\/v2\/comments?post=263941"}],"version-history":[{"count":0,"href":"https:\/\/www.hashtag.al\/index.php\/wp-json\/wp\/v2\/posts\/263941\/revisions"}],"wp:featuredmedia":[{"embeddable":true,"href":"https:\/\/www.hashtag.al\/index.php\/wp-json\/wp\/v2\/media\/263942"}],"wp:attachment":[{"href":"https:\/\/www.hashtag.al\/index.php\/wp-json\/wp\/v2\/media?parent=263941"}],"wp:term":[{"taxonomy":"category","embeddable":true,"href":"https:\/\/www.hashtag.al\/index.php\/wp-json\/wp\/v2\/categories?post=263941"},{"taxonomy":"post_tag","embeddable":true,"href":"https:\/\/www.hashtag.al\/index.php\/wp-json\/wp\/v2\/tags?post=263941"}],"curies":[{"name":"wp","href":"https:\/\/api.w.org\/{rel}","templated":true}]}}