{"id":263614,"date":"2019-01-07T17:48:18","date_gmt":"2019-01-07T16:48:18","guid":{"rendered":"https:\/\/hashtag.al\/?p=263614"},"modified":"2019-01-07T18:07:46","modified_gmt":"2019-01-07T17:07:46","slug":"arrestohen-2-studentet-qe-protestuan-para-kryeministrise","status":"publish","type":"post","link":"https:\/\/www.hashtag.al\/index.php\/2019\/01\/07\/arrestohen-2-studentet-qe-protestuan-para-kryeministrise\/","title":{"rendered":"Arrestohen 2 student\u00ebt q\u00eb protestuan para Kryeministris\u00eb","gt_translate_keys":[{"key":"rendered","format":"text"}]},"content":{"rendered":"<p><img loading=\"lazy\" decoding=\"async\" class=\"aligncenter size-full wp-image-263615\" src=\"https:\/\/hashtag.al\/wp-content\/uploads\/2019\/01\/rama-3.jpg\" alt=\"\" width=\"3264\" height=\"1559\" srcset=\"https:\/\/www.hashtag.al\/wp-content\/uploads\/2019\/01\/rama-3.jpg 3264w, https:\/\/www.hashtag.al\/wp-content\/uploads\/2019\/01\/rama-3-300x143.jpg 300w, https:\/\/www.hashtag.al\/wp-content\/uploads\/2019\/01\/rama-3-768x367.jpg 768w, https:\/\/www.hashtag.al\/wp-content\/uploads\/2019\/01\/rama-3-1024x489.jpg 1024w\" sizes=\"auto, (max-width: 3264px) 100vw, 3264px\" \/><\/p>\n<p><span style=\"color: #000000;\">N\u00eb prangat e policis\u00eb kan\u00eb r\u00ebn\u00eb dy student\u00eb\u00a0 pas protest\u00ebs s\u00eb organizuar dit\u00ebn e sotme para kryeministris\u00eb. B\u00ebhet e ditur se jan\u00eb shoq\u00ebruar n\u00eb polici student\u00ebt Vilson Kulemani dhe G\u00ebzim Almeta.<\/span><\/p>\n<p><span style=\"color: #000000;\">Ata tashm\u00eb ndodhen n\u00eb Komisariatin nr 1 dhe m\u00ebsohet se\u00a0\u00a0jan\u00eb shoq\u00ebruar n\u00eb polici p\u00ebr shkak se kan\u00eb mbyllur der\u00ebn duke i ven\u00eb drynin tek faktultetit t\u00eb Politeknikut.<\/span><\/p>\n<p><span style=\"color: #000000;\">P\u00ebr mbylljen e dyerve me dryn, reagoi dhe vet\u00eb kryeministri Edi Rama i cili tha se kjo \u00ebsht\u00eb prova se protesta e student\u00ebve \u00ebsht\u00eb marr\u00eb peng.<\/span><\/p>\n<p><span style=\"color: #000000;\">&#8220;Mbyllja me dhun\u00eb e dyerve t\u00eb disa fakulteteve \u00ebsht\u00eb fytyra kuptimplot\u00eb e pengmarr\u00ebsve t\u00eb nj\u00eb proteste shembullore, e cila tanim\u00eb ka hyr\u00eb n\u00eb faz\u00ebn e realizimit t\u00eb k\u00ebrkesave baz\u00eb dhe zhvillimit t\u00eb nj\u00eb Dialogu t\u00eb brendsh\u00ebm p\u00ebr nevojat specifike t\u00eb \u00e7do fushe studimesh\u201d, u shpreh Rama.<\/span><\/p>\n<p><img loading=\"lazy\" decoding=\"async\" class=\"aligncenter size-full wp-image-263533\" src=\"https:\/\/hashtag.al\/wp-content\/uploads\/2019\/01\/studentet.jpg\" alt=\"\" width=\"1280\" height=\"853\" srcset=\"https:\/\/www.hashtag.al\/wp-content\/uploads\/2019\/01\/studentet.jpg 1280w, https:\/\/www.hashtag.al\/wp-content\/uploads\/2019\/01\/studentet-300x200.jpg 300w, https:\/\/www.hashtag.al\/wp-content\/uploads\/2019\/01\/studentet-768x512.jpg 768w, https:\/\/www.hashtag.al\/wp-content\/uploads\/2019\/01\/studentet-1024x682.jpg 1024w\" sizes=\"auto, (max-width: 1280px) 100vw, 1280px\" \/><\/p>\n<p><img loading=\"lazy\" decoding=\"async\" class=\"aligncenter size-full wp-image-263620\" src=\"https:\/\/hashtag.al\/wp-content\/uploads\/2019\/01\/studnetet-e-arrestuar.jpg\" alt=\"\" width=\"720\" height=\"405\" srcset=\"https:\/\/www.hashtag.al\/wp-content\/uploads\/2019\/01\/studnetet-e-arrestuar.jpg 720w, https:\/\/www.hashtag.al\/wp-content\/uploads\/2019\/01\/studnetet-e-arrestuar-300x169.jpg 300w\" sizes=\"auto, (max-width: 720px) 100vw, 720px\" \/><\/p>\n","protected":false,"gt_translate_keys":[{"key":"rendered","format":"html"}]},"excerpt":{"rendered":"<p>N\u00eb prangat e policis\u00eb kan\u00eb r\u00ebn\u00eb dy student\u00eb\u00a0 pas protest\u00ebs s\u00eb organizuar dit\u00ebn e sotme para kryeministris\u00eb. B\u00ebhet e ditur se jan\u00eb shoq\u00ebruar n\u00eb polici student\u00ebt Vilson Kulemani dhe G\u00ebzim Almeta. Ata tashm\u00eb ndodhen n\u00eb Komisariatin nr 1 dhe m\u00ebsohet se\u00a0\u00a0jan\u00eb shoq\u00ebruar n\u00eb polici p\u00ebr shkak se kan\u00eb mbyllur der\u00ebn duke i ven\u00eb drynin tek [&hellip;]<\/p>\n","protected":false,"gt_translate_keys":[{"key":"rendered","format":"html"}]},"author":51,"featured_media":263615,"comment_status":"open","ping_status":"open","sticky":false,"template":"","format":"standard","meta":{"footnotes":""},"categories":[65,13],"tags":[],"class_list":["post-263614","post","type-post","status-publish","format-standard","has-post-thumbnail","hentry","category-lajme","category-te-fundit"],"gt_translate_keys":[{"key":"link","format":"url"}],"_links":{"self":[{"href":"https:\/\/www.hashtag.al\/index.php\/wp-json\/wp\/v2\/posts\/263614","targetHints":{"allow":["GET"]}}],"collection":[{"href":"https:\/\/www.hashtag.al\/index.php\/wp-json\/wp\/v2\/posts"}],"about":[{"href":"https:\/\/www.hashtag.al\/index.php\/wp-json\/wp\/v2\/types\/post"}],"author":[{"embeddable":true,"href":"https:\/\/www.hashtag.al\/index.php\/wp-json\/wp\/v2\/users\/51"}],"replies":[{"embeddable":true,"href":"https:\/\/www.hashtag.al\/index.php\/wp-json\/wp\/v2\/comments?post=263614"}],"version-history":[{"count":0,"href":"https:\/\/www.hashtag.al\/index.php\/wp-json\/wp\/v2\/posts\/263614\/revisions"}],"wp:featuredmedia":[{"embeddable":true,"href":"https:\/\/www.hashtag.al\/index.php\/wp-json\/wp\/v2\/media\/263615"}],"wp:attachment":[{"href":"https:\/\/www.hashtag.al\/index.php\/wp-json\/wp\/v2\/media?parent=263614"}],"wp:term":[{"taxonomy":"category","embeddable":true,"href":"https:\/\/www.hashtag.al\/index.php\/wp-json\/wp\/v2\/categories?post=263614"},{"taxonomy":"post_tag","embeddable":true,"href":"https:\/\/www.hashtag.al\/index.php\/wp-json\/wp\/v2\/tags?post=263614"}],"curies":[{"name":"wp","href":"https:\/\/api.w.org\/{rel}","templated":true}]}}