{"id":263500,"date":"2019-01-07T10:05:29","date_gmt":"2019-01-07T09:05:29","guid":{"rendered":"https:\/\/hashtag.al\/?p=263500"},"modified":"2019-01-07T10:12:34","modified_gmt":"2019-01-07T09:12:34","slug":"koka-ne-stamboll-more-e-trupi-ne-janine-te-shtrine-edi-rama-more-studentet-e-elbasanit-ia-marrin-kenges","status":"publish","type":"post","link":"https:\/\/www.hashtag.al\/index.php\/2019\/01\/07\/koka-ne-stamboll-more-e-trupi-ne-janine-te-shtrine-edi-rama-more-studentet-e-elbasanit-ia-marrin-kenges\/","title":{"rendered":"&#8220;Koka n\u00eb Stamboll more, e trupi n\u00eb Janin\u00eb. T\u00eb shtrin\u00eb Edi Rama more&#8221;, student\u00ebt e Elbasanit ia marrin k\u00ebng\u00ebs","gt_translate_keys":[{"key":"rendered","format":"text"}]},"content":{"rendered":"<p><span style=\"color: #000000;\"><img loading=\"lazy\" decoding=\"async\" class=\"aligncenter size-full wp-image-263502\" src=\"https:\/\/hashtag.al\/wp-content\/uploads\/2019\/01\/studente-elbasani.png\" alt=\"\" width=\"606\" height=\"446\" srcset=\"https:\/\/www.hashtag.al\/wp-content\/uploads\/2019\/01\/studente-elbasani.png 606w, https:\/\/www.hashtag.al\/wp-content\/uploads\/2019\/01\/studente-elbasani-300x221.png 300w\" sizes=\"auto, (max-width: 606px) 100vw, 606px\" \/>Student\u00ebt e Universitetit t\u00eb Tiran\u00ebs kan\u00eb nisur protest\u00ebn n\u00ebp\u00ebr fakultete, nd\u00ebrkoh\u00eb q\u00eb pritet t\u2019i bashkohen edhe student\u00eb t\u00eb Elbasanit.<\/span><\/p>\n<p><span style=\"color: #000000;\">Ish-kryeministri Sali Berisha ka publikuar nj\u00eb video t\u00eb student\u00ebve t\u00eb Elbasanit, t\u00eb cil\u00ebt shihen brenda nj\u00eb autobusi, nd\u00ebrsa i k\u00ebndojn\u00eb kryeministrit Edi Rama: <em>\u201cKoka n\u00eb Stamboll more, e trupi n\u00eb Janin\u00eb. T\u00eb shtrin\u00eb Edi Rama more, o t\u00eb shtrin\u00eb\u201d<\/em><\/span><\/p>\n<p><em><span style=\"color: #000000;\">\u201cGreve e pergjithshme e studenteve te Shqiperise! Universiteti i Elbasanit ne proteste dhe greve! \u00a0Lexoni mesazhin e studentit dixhital! sb<\/span><\/em><\/p>\n<p><em><span style=\"color: #000000;\"> Jam student ne elbasan .<\/span><\/em><br \/>\n<em><span style=\"color: #000000;\"> Sot studentet e Elbasanit do jene ne proteste dhe bojkot perkunder kercenimeve te shumta qe po u vijne studenteve dhe pedagogve.<\/span><\/em><br \/>\n<em><span style=\"color: #000000;\"> Doja te ju vija ne dijeni per kte gje , <\/span><\/em><span style=\"color: #000000;\"><em>ju faleminderit dhe ju pershendes.\u201d,<\/em> shkruhet n\u00eb mesazhin e publikuar nga Berisha.<\/span><\/p>\n<p><span style=\"color: #000000;\">Protest\u00ebs s\u00eb sotme t\u00eb student\u00ebve do t\u2019i bashkohen edhe student\u00eb nga universitetet n\u00eb Kosov\u00eb dhe n\u00eb Maqedoni.<\/span><\/p>\n<p><span style=\"color: #000000;\">Nj\u00eb studente tha p\u00ebr mediat se ka nj\u00eb marr\u00ebveshje \u00a0me student\u00ebt e dy vendeve, q\u00eb t\u00eb mb\u00ebshtesin protestat e nj\u00ebri-tjetrit, si shenj\u00eb solidarizimi mes bashk\u00ebkomb\u00ebsve.<\/span><\/p>\n<p><span style=\"color: #000000;\"><em>\u201cPo do ket\u00eb. Marr\u00ebveshja \u00ebsht\u00eb q\u00eb ata t\u00eb na mb\u00ebshtesin ne dhe ne do shkojm\u00eb p\u00ebr t\u2019i mb\u00ebshtetur ata, fqinj\u00ebt tan\u00eb, shtetasit tan\u00eb.\u201d<\/em>, tha nj\u00eb studente, e pyetur n\u00ebse do ket\u00eb student\u00eb nga Kosova dhe Maqedonia.<\/span><\/p>\n<p><span style=\"color: #000000;\">E nj\u00ebjta studente tha p\u00ebr mediat se protesta m\u00eb e madhe p\u00ebr ta \u00ebsht\u00eb bojkoti q\u00eb po u b\u00ebhet fakulteteve, edhe n\u00ebse numri i student\u00ebve nuk do jet\u00eb po aq i madh n\u00ebp\u00ebr rrug\u00eb, kjo edhe p\u00ebr shkak t\u00eb frik\u00ebs prej k\u00ebrc\u00ebnimeve q\u00eb kan\u00eb marr\u00eb.<\/span><\/p>\n<div style=\"width: 400px;\" class=\"wp-video\"><video class=\"wp-video-shortcode\" id=\"video-263500-1\" width=\"400\" height=\"300\" preload=\"metadata\" controls=\"controls\"><source type=\"video\/mp4\" src=\"https:\/\/hashtag.al\/wp-content\/uploads\/2019\/01\/S-Elbasan.mp4?_=1\" \/><a href=\"https:\/\/hashtag.al\/wp-content\/uploads\/2019\/01\/S-Elbasan.mp4\">https:\/\/hashtag.al\/wp-content\/uploads\/2019\/01\/S-Elbasan.mp4<\/a><\/video><\/div>\n<p>&nbsp;<\/p>\n","protected":false,"gt_translate_keys":[{"key":"rendered","format":"html"}]},"excerpt":{"rendered":"<p>Student\u00ebt e Universitetit t\u00eb Tiran\u00ebs kan\u00eb nisur protest\u00ebn n\u00ebp\u00ebr fakultete, nd\u00ebrkoh\u00eb q\u00eb pritet t\u2019i bashkohen edhe student\u00eb t\u00eb Elbasanit. Ish-kryeministri Sali Berisha ka publikuar nj\u00eb video t\u00eb student\u00ebve t\u00eb Elbasanit, t\u00eb cil\u00ebt shihen brenda nj\u00eb autobusi, nd\u00ebrsa i k\u00ebndojn\u00eb kryeministrit Edi Rama: \u201cKoka n\u00eb Stamboll more, e trupi n\u00eb Janin\u00eb. T\u00eb shtrin\u00eb Edi Rama more, [&hellip;]<\/p>\n","protected":false,"gt_translate_keys":[{"key":"rendered","format":"html"}]},"author":30,"featured_media":263502,"comment_status":"open","ping_status":"open","sticky":false,"template":"","format":"standard","meta":{"footnotes":""},"categories":[65,13],"tags":[],"class_list":["post-263500","post","type-post","status-publish","format-standard","has-post-thumbnail","hentry","category-lajme","category-te-fundit"],"gt_translate_keys":[{"key":"link","format":"url"}],"_links":{"self":[{"href":"https:\/\/www.hashtag.al\/index.php\/wp-json\/wp\/v2\/posts\/263500","targetHints":{"allow":["GET"]}}],"collection":[{"href":"https:\/\/www.hashtag.al\/index.php\/wp-json\/wp\/v2\/posts"}],"about":[{"href":"https:\/\/www.hashtag.al\/index.php\/wp-json\/wp\/v2\/types\/post"}],"author":[{"embeddable":true,"href":"https:\/\/www.hashtag.al\/index.php\/wp-json\/wp\/v2\/users\/30"}],"replies":[{"embeddable":true,"href":"https:\/\/www.hashtag.al\/index.php\/wp-json\/wp\/v2\/comments?post=263500"}],"version-history":[{"count":0,"href":"https:\/\/www.hashtag.al\/index.php\/wp-json\/wp\/v2\/posts\/263500\/revisions"}],"wp:featuredmedia":[{"embeddable":true,"href":"https:\/\/www.hashtag.al\/index.php\/wp-json\/wp\/v2\/media\/263502"}],"wp:attachment":[{"href":"https:\/\/www.hashtag.al\/index.php\/wp-json\/wp\/v2\/media?parent=263500"}],"wp:term":[{"taxonomy":"category","embeddable":true,"href":"https:\/\/www.hashtag.al\/index.php\/wp-json\/wp\/v2\/categories?post=263500"},{"taxonomy":"post_tag","embeddable":true,"href":"https:\/\/www.hashtag.al\/index.php\/wp-json\/wp\/v2\/tags?post=263500"}],"curies":[{"name":"wp","href":"https:\/\/api.w.org\/{rel}","templated":true}]}}