{"id":263497,"date":"2019-01-07T09:50:02","date_gmt":"2019-01-07T08:50:02","guid":{"rendered":"https:\/\/hashtag.al\/?p=263497"},"modified":"2019-01-07T09:50:02","modified_gmt":"2019-01-07T08:50:02","slug":"protestes-do-i-bashkohen-edhe-studente-nga-kosova-e-maqedonia","status":"publish","type":"post","link":"https:\/\/www.hashtag.al\/index.php\/2019\/01\/07\/protestes-do-i-bashkohen-edhe-studente-nga-kosova-e-maqedonia\/","title":{"rendered":"\u201cProtest\u00ebs do i bashkohen edhe student\u00eb nga Kosova e Maqedonia\u201d","gt_translate_keys":[{"key":"rendered","format":"text"}]},"content":{"rendered":"<p><img loading=\"lazy\" decoding=\"async\" class=\"aligncenter size-full wp-image-263498\" src=\"https:\/\/hashtag.al\/wp-content\/uploads\/2019\/01\/studente.jpg\" alt=\"\" width=\"900\" height=\"502\" srcset=\"https:\/\/www.hashtag.al\/wp-content\/uploads\/2019\/01\/studente.jpg 900w, https:\/\/www.hashtag.al\/wp-content\/uploads\/2019\/01\/studente-300x167.jpg 300w, https:\/\/www.hashtag.al\/wp-content\/uploads\/2019\/01\/studente-768x428.jpg 768w\" sizes=\"auto, (max-width: 900px) 100vw, 900px\" \/><\/p>\n<p><span style=\"color: #000000;\">Protest\u00ebs s\u00eb sotme t\u00eb student\u00ebve do t\u2019i bashkohen edhe student\u00eb nga universitetet n\u00eb Kosov\u00eb dhe n\u00eb Maqedoni.<\/span><\/p>\n<p><span style=\"color: #000000;\">Nj\u00eb studente tha p\u00ebr mediat se ka nj\u00eb marr\u00ebveshje me student\u00ebt e dy vendeve, q\u00eb t\u00eb mb\u00ebshtesin protestat e nj\u00ebri-tjetrit, si shenj\u00eb solidarizimi mes bashk\u00ebkomb\u00ebsve.<\/span><\/p>\n<p><span style=\"color: #000000;\"><em>\u201cPo do ket\u00eb. Marr\u00ebveshja \u00ebsht\u00eb q\u00eb ata t\u00eb na mb\u00ebshtesin ne dhe ne do shkojm\u00eb p\u00ebr t\u2019i mb\u00ebshtetur ata, fqinj\u00ebt tan\u00eb, shtetasit tan\u00eb.\u201d,<\/em> tha nj\u00eb studente, e pyetur n\u00ebse do ket\u00eb student\u00eb nga Kosova dhe Maqedonia.<\/span><\/p>\n<p><span style=\"color: #000000;\">E nj\u00ebjta studente tha p\u00ebr mediat se protesta m\u00eb e madhe p\u00ebr ta \u00ebsht\u00eb bojkoti q\u00eb po u b\u00ebhet fakulteteve, edhe n\u00ebse numri i student\u00ebve nuk do jet\u00eb po aq i madh n\u00ebp\u00ebr rrug\u00eb, kjo edhe p\u00ebr shkak t\u00eb frik\u00ebs prej k\u00ebrc\u00ebnimeve q\u00eb kan\u00eb marr\u00eb.<\/span><\/p>\n<p><span style=\"color: #000000;\"><em>\u201cShpresojm\u00eb t\u00eb na bashkohen t\u00eb gjith\u00eb.Protesta m\u00eb e madhe p\u00ebr ne \u00ebsht\u00eb bojkoti i shkollave. Ndoshta jo t\u00eb gjith\u00eb \u00a0bashkohen n\u00eb shesh, n\u00eb rrug\u00eb, p\u00ebr shkak t\u00eb presioneve t\u00eb vazhdueshme n\u00ebp\u00ebr shkolla, qoft\u00eb nga profesor\u00ebt, qoft\u00eb p\u00ebr prind\u00ebrit e tyre.\u201d,<\/em> tha studentja.<\/span><\/p>\n<p>&nbsp;<\/p>\n<p>&nbsp;<\/p>\n","protected":false,"gt_translate_keys":[{"key":"rendered","format":"html"}]},"excerpt":{"rendered":"<p>Protest\u00ebs s\u00eb sotme t\u00eb student\u00ebve do t\u2019i bashkohen edhe student\u00eb nga universitetet n\u00eb Kosov\u00eb dhe n\u00eb Maqedoni. Nj\u00eb studente tha p\u00ebr mediat se ka nj\u00eb marr\u00ebveshje me student\u00ebt e dy vendeve, q\u00eb t\u00eb mb\u00ebshtesin protestat e nj\u00ebri-tjetrit, si shenj\u00eb solidarizimi mes bashk\u00ebkomb\u00ebsve. \u201cPo do ket\u00eb. Marr\u00ebveshja \u00ebsht\u00eb q\u00eb ata t\u00eb na mb\u00ebshtesin ne dhe ne [&hellip;]<\/p>\n","protected":false,"gt_translate_keys":[{"key":"rendered","format":"html"}]},"author":30,"featured_media":263498,"comment_status":"open","ping_status":"open","sticky":false,"template":"","format":"standard","meta":{"footnotes":""},"categories":[65,13],"tags":[],"class_list":["post-263497","post","type-post","status-publish","format-standard","has-post-thumbnail","hentry","category-lajme","category-te-fundit"],"gt_translate_keys":[{"key":"link","format":"url"}],"_links":{"self":[{"href":"https:\/\/www.hashtag.al\/index.php\/wp-json\/wp\/v2\/posts\/263497","targetHints":{"allow":["GET"]}}],"collection":[{"href":"https:\/\/www.hashtag.al\/index.php\/wp-json\/wp\/v2\/posts"}],"about":[{"href":"https:\/\/www.hashtag.al\/index.php\/wp-json\/wp\/v2\/types\/post"}],"author":[{"embeddable":true,"href":"https:\/\/www.hashtag.al\/index.php\/wp-json\/wp\/v2\/users\/30"}],"replies":[{"embeddable":true,"href":"https:\/\/www.hashtag.al\/index.php\/wp-json\/wp\/v2\/comments?post=263497"}],"version-history":[{"count":0,"href":"https:\/\/www.hashtag.al\/index.php\/wp-json\/wp\/v2\/posts\/263497\/revisions"}],"wp:featuredmedia":[{"embeddable":true,"href":"https:\/\/www.hashtag.al\/index.php\/wp-json\/wp\/v2\/media\/263498"}],"wp:attachment":[{"href":"https:\/\/www.hashtag.al\/index.php\/wp-json\/wp\/v2\/media?parent=263497"}],"wp:term":[{"taxonomy":"category","embeddable":true,"href":"https:\/\/www.hashtag.al\/index.php\/wp-json\/wp\/v2\/categories?post=263497"},{"taxonomy":"post_tag","embeddable":true,"href":"https:\/\/www.hashtag.al\/index.php\/wp-json\/wp\/v2\/tags?post=263497"}],"curies":[{"name":"wp","href":"https:\/\/api.w.org\/{rel}","templated":true}]}}