{"id":263292,"date":"2019-01-06T10:48:37","date_gmt":"2019-01-06T09:48:37","guid":{"rendered":"https:\/\/hashtag.al\/?p=263292"},"modified":"2019-01-06T10:51:00","modified_gmt":"2019-01-06T09:51:00","slug":"kor","status":"publish","type":"post","link":"https:\/\/www.hashtag.al\/index.php\/2019\/01\/06\/kor\/","title":{"rendered":"Kor\u00e7a, qyteti ku temperaturat kan\u00eb arritur n\u00eb -15 grad\u00eb","gt_translate_keys":[{"key":"rendered","format":"text"}]},"content":{"rendered":"<p><img loading=\"lazy\" decoding=\"async\" class=\"alignnone size-full wp-image-263293\" src=\"https:\/\/hashtag.al\/wp-content\/uploads\/2019\/01\/korca-.jpg\" alt=\"\" width=\"900\" height=\"563\" srcset=\"https:\/\/www.hashtag.al\/wp-content\/uploads\/2019\/01\/korca-.jpg 900w, https:\/\/www.hashtag.al\/wp-content\/uploads\/2019\/01\/korca--300x188.jpg 300w, https:\/\/www.hashtag.al\/wp-content\/uploads\/2019\/01\/korca--768x480.jpg 768w\" sizes=\"auto, (max-width: 900px) 100vw, 900px\" \/><\/p>\n<p>Moti i acart\u00eb ka mb\u00ebrthyer vendin. Reshje d\u00ebbore dhe temperatura t\u00eb ulta ka pothuajse n\u00eb cdo territor t\u00eb vendit. Gjat\u00eb nat\u00ebs s\u00eb sotme temperaturat kan\u00eb arritur n\u00eb -15 grad\u00eb n\u00eb rajonin e Kor\u00e7\u00ebs.<\/p>\n<p>Situata vazhdon t\u00eb jet\u00eb e nj\u00ebjt\u00eb edhe m\u00ebngjesin e sot\u00ebm.\u00a0 Aksi rrugor p\u00ebr n\u00eb fshatin Dardh\u00eb \u00ebsht\u00eb pjes\u00ebrisht i kaluesh\u00ebm me zinxhir\u00eb p\u00ebr shkak t\u00eb prezenc\u00ebs s\u00eb akullit.\u00a0 Vazhdon t\u00eb jet\u00eb e bllokuar rruga p\u00ebr n\u00eb fshatin Lekas, Dardhas dhe Vel\u00e7an. Aksi p\u00ebr n\u00eb Leskovik kalohet vet\u00ebm me zinxhir\u00eb.<\/p>\n<p>&nbsp;<\/p>\n","protected":false,"gt_translate_keys":[{"key":"rendered","format":"html"}]},"excerpt":{"rendered":"<p>Moti i acart\u00eb ka mb\u00ebrthyer vendin. Reshje d\u00ebbore dhe temperatura t\u00eb ulta ka pothuajse n\u00eb cdo territor t\u00eb vendit. Gjat\u00eb nat\u00ebs s\u00eb sotme temperaturat kan\u00eb arritur n\u00eb -15 grad\u00eb n\u00eb rajonin e Kor\u00e7\u00ebs. Situata vazhdon t\u00eb jet\u00eb e nj\u00ebjt\u00eb edhe m\u00ebngjesin e sot\u00ebm.\u00a0 Aksi rrugor p\u00ebr n\u00eb fshatin Dardh\u00eb \u00ebsht\u00eb pjes\u00ebrisht i kaluesh\u00ebm me zinxhir\u00eb [&hellip;]<\/p>\n","protected":false,"gt_translate_keys":[{"key":"rendered","format":"html"}]},"author":30,"featured_media":263293,"comment_status":"open","ping_status":"open","sticky":false,"template":"","format":"standard","meta":{"footnotes":""},"categories":[65,13],"tags":[],"class_list":["post-263292","post","type-post","status-publish","format-standard","has-post-thumbnail","hentry","category-lajme","category-te-fundit"],"gt_translate_keys":[{"key":"link","format":"url"}],"_links":{"self":[{"href":"https:\/\/www.hashtag.al\/index.php\/wp-json\/wp\/v2\/posts\/263292","targetHints":{"allow":["GET"]}}],"collection":[{"href":"https:\/\/www.hashtag.al\/index.php\/wp-json\/wp\/v2\/posts"}],"about":[{"href":"https:\/\/www.hashtag.al\/index.php\/wp-json\/wp\/v2\/types\/post"}],"author":[{"embeddable":true,"href":"https:\/\/www.hashtag.al\/index.php\/wp-json\/wp\/v2\/users\/30"}],"replies":[{"embeddable":true,"href":"https:\/\/www.hashtag.al\/index.php\/wp-json\/wp\/v2\/comments?post=263292"}],"version-history":[{"count":0,"href":"https:\/\/www.hashtag.al\/index.php\/wp-json\/wp\/v2\/posts\/263292\/revisions"}],"wp:featuredmedia":[{"embeddable":true,"href":"https:\/\/www.hashtag.al\/index.php\/wp-json\/wp\/v2\/media\/263293"}],"wp:attachment":[{"href":"https:\/\/www.hashtag.al\/index.php\/wp-json\/wp\/v2\/media?parent=263292"}],"wp:term":[{"taxonomy":"category","embeddable":true,"href":"https:\/\/www.hashtag.al\/index.php\/wp-json\/wp\/v2\/categories?post=263292"},{"taxonomy":"post_tag","embeddable":true,"href":"https:\/\/www.hashtag.al\/index.php\/wp-json\/wp\/v2\/tags?post=263292"}],"curies":[{"name":"wp","href":"https:\/\/api.w.org\/{rel}","templated":true}]}}