{"id":263264,"date":"2019-01-06T09:24:28","date_gmt":"2019-01-06T08:24:28","guid":{"rendered":"https:\/\/hashtag.al\/?p=263264"},"modified":"2019-01-06T09:28:21","modified_gmt":"2019-01-06T08:28:21","slug":"rama-p","status":"publish","type":"post","link":"https:\/\/www.hashtag.al\/index.php\/2019\/01\/06\/rama-p\/","title":{"rendered":"Rama vazhdon ironin\u00eb p\u00ebr Veliajn: &#8220;M\u00eb duhet t\u00eb gjej nj\u00eb ekzekutim m\u00eb t\u00eb sigurt p\u00ebr t\u00eb!&#8221;","gt_translate_keys":[{"key":"rendered","format":"text"}]},"content":{"rendered":"<p><img loading=\"lazy\" decoding=\"async\" class=\"alignnone size-full wp-image-259469\" src=\"https:\/\/hashtag.al\/wp-content\/uploads\/2018\/12\/veliajrama.jpg\" alt=\"\" width=\"1200\" height=\"628\" srcset=\"https:\/\/www.hashtag.al\/wp-content\/uploads\/2018\/12\/veliajrama.jpg 1200w, https:\/\/www.hashtag.al\/wp-content\/uploads\/2018\/12\/veliajrama-300x157.jpg 300w, https:\/\/www.hashtag.al\/wp-content\/uploads\/2018\/12\/veliajrama-768x402.jpg 768w, https:\/\/www.hashtag.al\/wp-content\/uploads\/2018\/12\/veliajrama-1024x536.jpg 1024w\" sizes=\"auto, (max-width: 1200px) 100vw, 1200px\" \/><\/p>\n<p>&#8220;M\u00eb vjen shum\u00eb keq q\u00eb m\u00eb kap\u00ebt gafil, por jam i detyruar ta pranoj. Po ju siguroj q\u00eb ky grup armiq\u00ebsor nuk e ka t\u00eb gjat\u00eb. Erjon Veliaj mund t\u00eb dal\u00eb n\u00eb televizor sa t\u00eb doj\u00eb, por nj\u00eb dit\u00eb n\u00eb nj\u00eb nga ato pem\u00eb do t\u00eb varet. Do t\u00eb vartet si shembull q\u00eb n\u00eb k\u00ebt\u00eb parti grupet armiq\u00ebsore do vazhdojn\u00eb t\u00eb marrin goditjen e duhur. Dhe kjo do t\u00eb pasqyrohet edhe n\u00eb vepr\u00ebn time num\u00ebr 21\u201d. Kryeministri Edi Rama ka vazhduar me ironin\u00eb ndaj kreut t\u00eb bashkis\u00eb s\u00eb Tiran\u00ebs pas deklarat\u00ebs s\u00eb k\u00ebsaj t\u00eb fundit.\u00a0 Kujtojm\u00eb se k\u00ebt\u00eb deklarat\u00eb me ironi Rama e b\u00ebri n\u00eb 31 Dhjetor 2018 gjat\u00eb nj\u00eb konference me gazetar\u00ebt.<\/p>\n<p>Nd\u00ebrsa dje n\u00eb &#8220;Xing me Ermalin&#8221; Rama u shpreh:\u00a0At\u00eb t\u00eb varjes do ta mendojm\u00eb pak sepse ato pem\u00ebt q\u00eb ka mbjell ai jan\u00eb t\u00eb holla dhe mund t\u00eb vareni dhe t\u00eb bini gjall\u00eb. Ndoshta duhet gjetur nj\u00eb ekzekutim m\u00eb i sigurt, por ty jo. Ti i varur nuk i duhesh dreqit, ti na duhesh i gjall\u00eb, por i qethur komplet. Do t\u00eb t\u00eb rruajm\u00eb, do t\u00eb t\u00eb veshim pizhama dhe do t\u00eb \u00e7ojm\u00eb n\u00eb pun\u00eb t\u00eb detyruar. Ta b\u00ebsh edhe ti nj\u00eb pun\u00eb nj\u00eb her\u00eb se ngele duke ardhur v\u00ebrdall ha ha ha hi hi hi. Pse k\u00ebshtu \u00ebsht\u00eb jeta?<\/p>\n<p><strong>BISEDA:<\/strong><\/p>\n<p><strong>Ermal Mamaqi:<\/strong>\u00a0U pataks\u00ebn njer\u00ebzit fare dhe tani kuptohet q\u00eb ka ardhur momenti t\u00eb flasim p\u00ebr t\u00eb gjitha gj\u00ebrat dhe sot do t\u00eb flasim p\u00ebr Erjon Veliajn\u2026 Me k\u00ebt\u00eb q\u00eb ke b\u00ebr\u00eb jan\u00eb tmerruar t\u00eb gjith\u00eb pem\u00ebtar\u00ebt.<\/p>\n<p><strong>Edi Rama:\u00a0<\/strong>Tani, v\u00ebrtet\u00eb kemi ardhur k\u00ebtu edhe p\u00ebr t\u00eb qeshur sepse \u00ebsht\u00eb fillimi i vitit, por kjo nuk \u00ebsht\u00eb di\u00e7ka p\u00ebr t\u00eb qeshur. Kam p\u00ebrshtypjen se edhe ti je pjes\u00eb e k\u00ebsaj loje.<\/p>\n<p><strong>Ermal Mamaqi:<\/strong>\u00a0Mos\u2026<\/p>\n<p><strong>Edi Rama:\u00a0<\/strong>Kam patur dyshimet e mia, por tani q\u00eb nxorre k\u00ebt\u00eb, me demekek p\u00ebr t\u00eb m\u00eb treguar mua q\u00eb po shikoj nj\u00eb fantazi. Ka shum\u00eb mund\u00ebsi sepse ka konspiracione n\u00eb bot\u00ebn moderne q\u00eb nd\u00ebrtohen me figura mediatike q\u00eb influencojn\u00eb. K\u00ebshtu q\u00eb do t\u00eb t\u00eb vij\u00eb radha edhe ty.<\/p>\n<p><strong>Ermal Mamaqi:\u00a0<\/strong>Edhe mua do m\u00eb vij\u00eb radha\u2026 T\u00eb pakt\u00ebn un\u00eb nuk mbjell pem\u00eb, s\u2019ke ku t\u00eb m\u00eb var\u00ebsh.<\/p>\n<p><strong>Edi Rama:<\/strong>At\u00eb t\u00eb varjes do ta mendojm\u00eb pak sepse ato pem\u00ebt q\u00eb ka mbjell ai jan\u00eb t\u00eb holla dhe mund t\u00eb vareni dhe t\u00eb bini gjall\u00eb. Ndoshta duhet gjetur nj\u00eb ekzekutim m\u00eb i sigurt, por ty jo. Ti i varur nuk i duhesh dreqit, ti na duhesh i gjall\u00eb, por i qethur komplet. Do t\u00eb t\u00eb rruajm\u00eb, do t\u00eb t\u00eb veshim pizhama dhe do t\u00eb \u00e7ojm\u00eb n\u00eb pun\u00eb t\u00eb detyruar. Ta b\u00ebsh edhe ti nj\u00eb pun\u00eb nj\u00eb her\u00eb se ngele duke ardhur v\u00ebrdall ha ha ha hi hi hi. Pse k\u00ebshtu \u00ebsht\u00eb jeta?<\/p>\n<p><strong>Ermal Mamaqi:\u00a0<\/strong>Do kthesh prap\u00eb internimet?<\/p>\n<p><strong>Edi Rama:\u00a0<\/strong>Jo, do t\u00eb internojm\u00eb k\u00ebtu n\u00eb oborrin e Klanit. Do punosh k\u00ebtu me ujitje, vaditje, zhgalavitje, rraskapitje.<\/p>\n<p><strong>Ermal Mamaq<\/strong>i:\u00a0N\u00ebse do t\u00eb na vij\u00eb e keqja ngaq\u00eb mbjellim pem\u00eb le t\u00eb na vij\u00eb.<\/p>\n<p><strong>Edi Rama:\u00a0<\/strong>Edhe k\u00ebt\u00eb e b\u00ebre, nxorre tjetrin aty t\u00eb jap\u00eb jet\u00ebn p\u00ebr llogari t\u00eb tjetrit. Ishte edhe me at\u00eb trikon, me k\u00ebpuc\u00ebt e kuqe dhe me lopat\u00eb.<\/p>\n<p><strong>Ermal Mamaqi:\u00a0<\/strong>Me ato drer\u00ebt\u2026<\/p>\n<p><strong>Edi Rama:<\/strong>\u00a0Vet\u00ebm se ky i shkreti i hap gropat vet\u00eb, lali i gjen gropat gati.<\/p>\n<p><strong>Ermal Mamaqi<\/strong>:\u00a0Po normale s\u2019do rrij Erjoni duke g\u00ebrmuar.<\/p>\n","protected":false,"gt_translate_keys":[{"key":"rendered","format":"html"}]},"excerpt":{"rendered":"<p>&#8220;M\u00eb vjen shum\u00eb keq q\u00eb m\u00eb kap\u00ebt gafil, por jam i detyruar ta pranoj. Po ju siguroj q\u00eb ky grup armiq\u00ebsor nuk e ka t\u00eb gjat\u00eb. Erjon Veliaj mund t\u00eb dal\u00eb n\u00eb televizor sa t\u00eb doj\u00eb, por nj\u00eb dit\u00eb n\u00eb nj\u00eb nga ato pem\u00eb do t\u00eb varet. Do t\u00eb vartet si shembull q\u00eb n\u00eb k\u00ebt\u00eb [&hellip;]<\/p>\n","protected":false,"gt_translate_keys":[{"key":"rendered","format":"html"}]},"author":30,"featured_media":0,"comment_status":"open","ping_status":"open","sticky":false,"template":"","format":"standard","meta":{"footnotes":""},"categories":[65,13],"tags":[],"class_list":["post-263264","post","type-post","status-publish","format-standard","hentry","category-lajme","category-te-fundit"],"gt_translate_keys":[{"key":"link","format":"url"}],"_links":{"self":[{"href":"https:\/\/www.hashtag.al\/index.php\/wp-json\/wp\/v2\/posts\/263264","targetHints":{"allow":["GET"]}}],"collection":[{"href":"https:\/\/www.hashtag.al\/index.php\/wp-json\/wp\/v2\/posts"}],"about":[{"href":"https:\/\/www.hashtag.al\/index.php\/wp-json\/wp\/v2\/types\/post"}],"author":[{"embeddable":true,"href":"https:\/\/www.hashtag.al\/index.php\/wp-json\/wp\/v2\/users\/30"}],"replies":[{"embeddable":true,"href":"https:\/\/www.hashtag.al\/index.php\/wp-json\/wp\/v2\/comments?post=263264"}],"version-history":[{"count":0,"href":"https:\/\/www.hashtag.al\/index.php\/wp-json\/wp\/v2\/posts\/263264\/revisions"}],"wp:attachment":[{"href":"https:\/\/www.hashtag.al\/index.php\/wp-json\/wp\/v2\/media?parent=263264"}],"wp:term":[{"taxonomy":"category","embeddable":true,"href":"https:\/\/www.hashtag.al\/index.php\/wp-json\/wp\/v2\/categories?post=263264"},{"taxonomy":"post_tag","embeddable":true,"href":"https:\/\/www.hashtag.al\/index.php\/wp-json\/wp\/v2\/tags?post=263264"}],"curies":[{"name":"wp","href":"https:\/\/api.w.org\/{rel}","templated":true}]}}