{"id":263051,"date":"2019-01-05T09:15:28","date_gmt":"2019-01-05T08:15:28","guid":{"rendered":"https:\/\/hashtag.al\/?p=263051"},"modified":"2019-01-05T09:27:29","modified_gmt":"2019-01-05T08:27:29","slug":"gjendet-i-pajete-nje-burre-ne-mes-te-rruges-dyshohet-se-vdiq-nga-i-ftohti","status":"publish","type":"post","link":"https:\/\/www.hashtag.al\/index.php\/2019\/01\/05\/gjendet-i-pajete-nje-burre-ne-mes-te-rruges-dyshohet-se-vdiq-nga-i-ftohti\/","title":{"rendered":"Gjendet i pajet\u00eb nj\u00eb burr\u00eb n\u00eb mes t\u00eb rrug\u00ebs, dyshohet se vdiq nga i ftohti","gt_translate_keys":[{"key":"rendered","format":"text"}]},"content":{"rendered":"<p><img loading=\"lazy\" decoding=\"async\" class=\"aligncenter size-full wp-image-262661\" src=\"https:\/\/hashtag.al\/wp-content\/uploads\/2019\/01\/bora-ne-korce-4.jpeg\" alt=\"\" width=\"1280\" height=\"622\" srcset=\"https:\/\/www.hashtag.al\/wp-content\/uploads\/2019\/01\/bora-ne-korce-4.jpeg 1280w, https:\/\/www.hashtag.al\/wp-content\/uploads\/2019\/01\/bora-ne-korce-4-300x146.jpeg 300w, https:\/\/www.hashtag.al\/wp-content\/uploads\/2019\/01\/bora-ne-korce-4-768x373.jpeg 768w, https:\/\/www.hashtag.al\/wp-content\/uploads\/2019\/01\/bora-ne-korce-4-1024x498.jpeg 1024w\" sizes=\"auto, (max-width: 1280px) 100vw, 1280px\" \/><\/p>\n<p><span style=\"color: #000000;\">Nj\u00eb person \u00ebsht\u00eb gjetur i pajet\u00eb dje n\u00eb qytetin e Kor\u00e7\u00ebs. M\u00ebsohet se b\u00ebhet fjal\u00eb p\u00ebr nj\u00eb 55-vje\u00e7ar, i cili \u00ebsht\u00eb gjetur n\u00eb rrug\u00ebn e fshatit Ravonik.<\/span><\/p>\n<p><span style=\"color: #000000;\">Policia b\u00ebn me dije se personi n\u00eb fjal\u00eb, i identifikuar si shtetasi me inicialet J.P, ka qen\u00eb duke l\u00ebvizur me bi\u00e7iklet\u00eb por dyshohet q\u00eb si pasoj\u00eb e temperaturave t\u00eb ul\u00ebta ka humbur jet\u00ebn.<\/span><\/p>\n<p><span style=\"color: #000000;\">Paraprakisht mendohet se ai ka p\u00ebsuar nj\u00eb atak kardiak, por ende pritet t\u00eb b\u00ebhet ekspertiza mjeko-ligjore q\u00eb do p\u00ebrcaktoj\u00eb shkakun e sakt\u00eb t\u00eb vdekjes.<\/span><\/p>\n<p>&nbsp;<\/p>\n","protected":false,"gt_translate_keys":[{"key":"rendered","format":"html"}]},"excerpt":{"rendered":"<p>Nj\u00eb person \u00ebsht\u00eb gjetur i pajet\u00eb dje n\u00eb qytetin e Kor\u00e7\u00ebs. M\u00ebsohet se b\u00ebhet fjal\u00eb p\u00ebr nj\u00eb 55-vje\u00e7ar, i cili \u00ebsht\u00eb gjetur n\u00eb rrug\u00ebn e fshatit Ravonik. Policia b\u00ebn me dije se personi n\u00eb fjal\u00eb, i identifikuar si shtetasi me inicialet J.P, ka qen\u00eb duke l\u00ebvizur me bi\u00e7iklet\u00eb por dyshohet q\u00eb si pasoj\u00eb e temperaturave [&hellip;]<\/p>\n","protected":false,"gt_translate_keys":[{"key":"rendered","format":"html"}]},"author":30,"featured_media":262660,"comment_status":"open","ping_status":"open","sticky":false,"template":"","format":"standard","meta":{"footnotes":""},"categories":[65,13],"tags":[],"class_list":["post-263051","post","type-post","status-publish","format-standard","has-post-thumbnail","hentry","category-lajme","category-te-fundit"],"gt_translate_keys":[{"key":"link","format":"url"}],"_links":{"self":[{"href":"https:\/\/www.hashtag.al\/index.php\/wp-json\/wp\/v2\/posts\/263051","targetHints":{"allow":["GET"]}}],"collection":[{"href":"https:\/\/www.hashtag.al\/index.php\/wp-json\/wp\/v2\/posts"}],"about":[{"href":"https:\/\/www.hashtag.al\/index.php\/wp-json\/wp\/v2\/types\/post"}],"author":[{"embeddable":true,"href":"https:\/\/www.hashtag.al\/index.php\/wp-json\/wp\/v2\/users\/30"}],"replies":[{"embeddable":true,"href":"https:\/\/www.hashtag.al\/index.php\/wp-json\/wp\/v2\/comments?post=263051"}],"version-history":[{"count":0,"href":"https:\/\/www.hashtag.al\/index.php\/wp-json\/wp\/v2\/posts\/263051\/revisions"}],"wp:featuredmedia":[{"embeddable":true,"href":"https:\/\/www.hashtag.al\/index.php\/wp-json\/wp\/v2\/media\/262660"}],"wp:attachment":[{"href":"https:\/\/www.hashtag.al\/index.php\/wp-json\/wp\/v2\/media?parent=263051"}],"wp:term":[{"taxonomy":"category","embeddable":true,"href":"https:\/\/www.hashtag.al\/index.php\/wp-json\/wp\/v2\/categories?post=263051"},{"taxonomy":"post_tag","embeddable":true,"href":"https:\/\/www.hashtag.al\/index.php\/wp-json\/wp\/v2\/tags?post=263051"}],"curies":[{"name":"wp","href":"https:\/\/api.w.org\/{rel}","templated":true}]}}