{"id":263025,"date":"2019-01-04T21:57:40","date_gmt":"2019-01-04T20:57:40","guid":{"rendered":"https:\/\/hashtag.al\/?p=263025"},"modified":"2019-01-04T21:48:46","modified_gmt":"2019-01-04T20:48:46","slug":"termeti-ne-jug-te-vendit-demton-5-banesa","status":"publish","type":"post","link":"https:\/\/www.hashtag.al\/index.php\/2019\/01\/04\/termeti-ne-jug-te-vendit-demton-5-banesa\/","title":{"rendered":"T\u00ebrmeti n\u00eb jug t\u00eb vendit d\u00ebmton 5 banesa","gt_translate_keys":[{"key":"rendered","format":"text"}]},"content":{"rendered":"<p><span style=\"color: #000000;\"><img loading=\"lazy\" decoding=\"async\" class=\"aligncenter size-full wp-image-249800\" src=\"https:\/\/hashtag.al\/wp-content\/uploads\/2018\/11\/termeti2.jpg\" alt=\"\" width=\"900\" height=\"544\" srcset=\"https:\/\/www.hashtag.al\/wp-content\/uploads\/2018\/11\/termeti2.jpg 900w, https:\/\/www.hashtag.al\/wp-content\/uploads\/2018\/11\/termeti2-300x181.jpg 300w, https:\/\/www.hashtag.al\/wp-content\/uploads\/2018\/11\/termeti2-768x464.jpg 768w\" sizes=\"auto, (max-width: 900px) 100vw, 900px\" \/><\/span><\/p>\n<p><span style=\"color: #000000;\">Nga l\u00ebkundjet e t\u00ebrmetit t\u00eb mbr\u00ebmjes s\u00eb sotme n\u00eb jug t\u00eb vendit jan\u00eb shkaktuar edhe d\u00ebme n\u00eb disa banesa n\u00eb fshatin Ku\u00e7.<\/span><\/p>\n<p><span style=\"color: #000000;\">D\u00ebmtimi i banesave \u00ebsht\u00eb konfirmuar edhe nga Ministria e Mbrojtjes.<\/span><\/p>\n<p><span style=\"color: #000000;\">\u201cMe date 04.01.2018 ora 19:26:39(GTM) Instituti i Gjeoshkenc\u00ebs, Energjis\u00eb, Ujit dhe Mjedisit ka regjistruar nj\u00eb l\u00ebkundje t\u00ebrmeti me magnitud\u00eb 4.8 rihter me koordinata 40.05\u00a0 veri dhe 19.88 lindje me thell\u00ebsi 27 km me epiqend\u00ebr n\u00eb Borsh. Nga te dh\u00ebnat paraprake nuk ka njer\u00ebz t\u00eb l\u00ebnduar por vet\u00ebm d\u00ebme materiale ne 5 banesa ne fshatin Ku\u00e7. 4 prej banesava kane d\u00ebmtime te lehta dhe 1 \u00ebsht\u00eb d\u00ebmtuar me rende. Jemi ne kontakte te vazhdueshme me sall\u00ebn e policis\u00eb specialistet e emergjencave civile dhe kryetaret e nj\u00ebsive administrative\u201d, njofton Ministria e Mbrojtjes.<\/span><\/p>\n","protected":false,"gt_translate_keys":[{"key":"rendered","format":"html"}]},"excerpt":{"rendered":"<p>Nga l\u00ebkundjet e t\u00ebrmetit t\u00eb mbr\u00ebmjes s\u00eb sotme n\u00eb jug t\u00eb vendit jan\u00eb shkaktuar edhe d\u00ebme n\u00eb disa banesa n\u00eb fshatin Ku\u00e7. D\u00ebmtimi i banesave \u00ebsht\u00eb konfirmuar edhe nga Ministria e Mbrojtjes. \u201cMe date 04.01.2018 ora 19:26:39(GTM) Instituti i Gjeoshkenc\u00ebs, Energjis\u00eb, Ujit dhe Mjedisit ka regjistruar nj\u00eb l\u00ebkundje t\u00ebrmeti me magnitud\u00eb 4.8 rihter me koordinata [&hellip;]<\/p>\n","protected":false,"gt_translate_keys":[{"key":"rendered","format":"html"}]},"author":32,"featured_media":195560,"comment_status":"open","ping_status":"open","sticky":false,"template":"","format":"standard","meta":{"footnotes":""},"categories":[65,13],"tags":[],"class_list":["post-263025","post","type-post","status-publish","format-standard","has-post-thumbnail","hentry","category-lajme","category-te-fundit"],"gt_translate_keys":[{"key":"link","format":"url"}],"_links":{"self":[{"href":"https:\/\/www.hashtag.al\/index.php\/wp-json\/wp\/v2\/posts\/263025","targetHints":{"allow":["GET"]}}],"collection":[{"href":"https:\/\/www.hashtag.al\/index.php\/wp-json\/wp\/v2\/posts"}],"about":[{"href":"https:\/\/www.hashtag.al\/index.php\/wp-json\/wp\/v2\/types\/post"}],"author":[{"embeddable":true,"href":"https:\/\/www.hashtag.al\/index.php\/wp-json\/wp\/v2\/users\/32"}],"replies":[{"embeddable":true,"href":"https:\/\/www.hashtag.al\/index.php\/wp-json\/wp\/v2\/comments?post=263025"}],"version-history":[{"count":0,"href":"https:\/\/www.hashtag.al\/index.php\/wp-json\/wp\/v2\/posts\/263025\/revisions"}],"wp:featuredmedia":[{"embeddable":true,"href":"https:\/\/www.hashtag.al\/index.php\/wp-json\/"}],"wp:attachment":[{"href":"https:\/\/www.hashtag.al\/index.php\/wp-json\/wp\/v2\/media?parent=263025"}],"wp:term":[{"taxonomy":"category","embeddable":true,"href":"https:\/\/www.hashtag.al\/index.php\/wp-json\/wp\/v2\/categories?post=263025"},{"taxonomy":"post_tag","embeddable":true,"href":"https:\/\/www.hashtag.al\/index.php\/wp-json\/wp\/v2\/tags?post=263025"}],"curies":[{"name":"wp","href":"https:\/\/api.w.org\/{rel}","templated":true}]}}