{"id":263023,"date":"2019-01-04T21:42:33","date_gmt":"2019-01-04T20:42:33","guid":{"rendered":"https:\/\/hashtag.al\/?p=263023"},"modified":"2019-01-04T21:38:13","modified_gmt":"2019-01-04T20:38:13","slug":"jeleket-e-verdhe-kerkojne-rrezimin-e-qeverise","status":"publish","type":"post","link":"https:\/\/www.hashtag.al\/index.php\/2019\/01\/04\/jeleket-e-verdhe-kerkojne-rrezimin-e-qeverise\/","title":{"rendered":"\u201cJelek\u00ebt e verdh\u00eb k\u00ebrkojn\u00eb rr\u00ebzimin e qeveris\u00eb\u201d","gt_translate_keys":[{"key":"rendered","format":"text"}]},"content":{"rendered":"<p><img loading=\"lazy\" decoding=\"async\" class=\"aligncenter size-full wp-image-262848\" src=\"https:\/\/hashtag.al\/wp-content\/uploads\/2019\/01\/jeleket.jpg\" alt=\"\" width=\"980\" height=\"551\" srcset=\"https:\/\/www.hashtag.al\/wp-content\/uploads\/2019\/01\/jeleket.jpg 980w, https:\/\/www.hashtag.al\/wp-content\/uploads\/2019\/01\/jeleket-300x169.jpg 300w, https:\/\/www.hashtag.al\/wp-content\/uploads\/2019\/01\/jeleket-768x432.jpg 768w\" sizes=\"auto, (max-width: 980px) 100vw, 980px\" \/><\/p>\n<p>Z\u00ebdh\u00ebn\u00ebsi i Qeveris\u00eb s\u00eb Franc\u00ebs, Benjamin Griveaux, ka deklaruar se &#8220;jelek\u00ebt e verdh\u00eb&#8221; q\u00eb vazhdojn\u00eb protestat duan t\u00eb p\u00ebrmbysin qeverin\u00eb.<\/p>\n<p>Duke i akuzuar &#8220;jelek\u00ebt e verdh\u00eb&#8221; se ndodhen brenda nj\u00eb p\u00ebrpjekjeje politike, z\u00ebdh\u00ebn\u00ebsi Griveaux tha se ata duan p\u00ebrmbysjen e qeveris\u00eb.<\/p>\n<p>Qeveria u ka dh\u00ebn\u00eb p\u00ebrgjigje n\u00eb m\u00ebnyr\u00eb t\u00eb shpejt\u00eb k\u00ebrkesave t\u00eb &#8220;jelek\u00ebve t\u00eb verdh\u00eb&#8221;, tha Griveaux, duke k\u00ebrkuar q\u00eb edhe &#8220;jelek\u00ebt e verdh\u00eb&#8221; t\u00eb marrin pjes\u00eb n\u00eb punimet p\u00ebr t\u00eb gjetur zgjidhje ndaj problemeve q\u00eb kan\u00eb shkaktuar protesta n\u00eb rajone t\u00eb ndryshme t\u00eb vendit.<\/p>\n<p>B\u00ebhet e ditur se n\u00eb protestat e zhvilluara nga &#8220;jelek\u00ebt e verdh\u00eb&#8221; n\u00eb 200 pika t\u00eb ndryshme t\u00eb vendit dit\u00ebn e djeshme kan\u00eb marr\u00eb pjes\u00eb rreth 2.500 persona.<\/p>\n<p><strong>Protestat<\/strong><\/p>\n<p>Protestat e \u201cjelek\u00ebve t\u00eb verdh\u00eb\u201d, t\u00eb cilat filluan si nj\u00eb reagim ndaj rritjes s\u00eb taksave t\u00eb karburantit dhe u zhvilluan n\u00eb nj\u00eb kryengritje kund\u00ebr presidentit francez, Emmanuel Macron, jan\u00eb shnd\u00ebrruar n\u00eb protestat m\u00eb t\u00eb dhunshme t\u00eb viteve t\u00eb fundit n\u00eb vend.<\/p>\n<p>Q\u00eb nga 17 n\u00ebntori, mij\u00ebra protestues t\u00eb quajtur \u201cjelek\u00ebt e verdh\u00eb\u201d, tubohen n\u00eb qytetet kryesore franceze, p\u00ebrfshir\u00eb kryeqytetin e Parisit, p\u00ebr t\u00eb protestuar ndaj rritjes s\u00eb diskutueshme t\u00eb taksave t\u00eb karburantit dhe p\u00ebrkeq\u00ebsimit t\u00eb gjendjes ekonomike.<\/p>\n<p>Sipas t\u00eb dh\u00ebnave t\u00eb Ministris\u00eb s\u00eb Drejt\u00ebsis\u00eb n\u00eb protesta gjat\u00eb periudh\u00ebs 17 n\u00ebntor-17 dhjetor kan\u00eb humbur jet\u00ebn t\u00eb pakt\u00ebn 10 persona, mbi 1.000 t\u00eb tjer\u00eb jan\u00eb plagosur, mbi 4.500 jan\u00eb ndaluar dhe 216 jan\u00eb arrestuar.<\/p>\n<p>&nbsp;<\/p>\n","protected":false,"gt_translate_keys":[{"key":"rendered","format":"html"}]},"excerpt":{"rendered":"<p>Z\u00ebdh\u00ebn\u00ebsi i Qeveris\u00eb s\u00eb Franc\u00ebs, Benjamin Griveaux, ka deklaruar se &#8220;jelek\u00ebt e verdh\u00eb&#8221; q\u00eb vazhdojn\u00eb protestat duan t\u00eb p\u00ebrmbysin qeverin\u00eb. Duke i akuzuar &#8220;jelek\u00ebt e verdh\u00eb&#8221; se ndodhen brenda nj\u00eb p\u00ebrpjekjeje politike, z\u00ebdh\u00ebn\u00ebsi Griveaux tha se ata duan p\u00ebrmbysjen e qeveris\u00eb. Qeveria u ka dh\u00ebn\u00eb p\u00ebrgjigje n\u00eb m\u00ebnyr\u00eb t\u00eb shpejt\u00eb k\u00ebrkesave t\u00eb &#8220;jelek\u00ebve t\u00eb verdh\u00eb&#8221;, [&hellip;]<\/p>\n","protected":false,"gt_translate_keys":[{"key":"rendered","format":"html"}]},"author":32,"featured_media":255405,"comment_status":"open","ping_status":"open","sticky":false,"template":"","format":"standard","meta":{"footnotes":""},"categories":[6,13],"tags":[],"class_list":["post-263023","post","type-post","status-publish","format-standard","has-post-thumbnail","hentry","category-nderkombetare","category-te-fundit"],"gt_translate_keys":[{"key":"link","format":"url"}],"_links":{"self":[{"href":"https:\/\/www.hashtag.al\/index.php\/wp-json\/wp\/v2\/posts\/263023","targetHints":{"allow":["GET"]}}],"collection":[{"href":"https:\/\/www.hashtag.al\/index.php\/wp-json\/wp\/v2\/posts"}],"about":[{"href":"https:\/\/www.hashtag.al\/index.php\/wp-json\/wp\/v2\/types\/post"}],"author":[{"embeddable":true,"href":"https:\/\/www.hashtag.al\/index.php\/wp-json\/wp\/v2\/users\/32"}],"replies":[{"embeddable":true,"href":"https:\/\/www.hashtag.al\/index.php\/wp-json\/wp\/v2\/comments?post=263023"}],"version-history":[{"count":0,"href":"https:\/\/www.hashtag.al\/index.php\/wp-json\/wp\/v2\/posts\/263023\/revisions"}],"wp:featuredmedia":[{"embeddable":true,"href":"https:\/\/www.hashtag.al\/index.php\/wp-json\/wp\/v2\/media\/255405"}],"wp:attachment":[{"href":"https:\/\/www.hashtag.al\/index.php\/wp-json\/wp\/v2\/media?parent=263023"}],"wp:term":[{"taxonomy":"category","embeddable":true,"href":"https:\/\/www.hashtag.al\/index.php\/wp-json\/wp\/v2\/categories?post=263023"},{"taxonomy":"post_tag","embeddable":true,"href":"https:\/\/www.hashtag.al\/index.php\/wp-json\/wp\/v2\/tags?post=263023"}],"curies":[{"name":"wp","href":"https:\/\/api.w.org\/{rel}","templated":true}]}}