{"id":262732,"date":"2019-01-03T16:37:16","date_gmt":"2019-01-03T15:37:16","guid":{"rendered":"https:\/\/hashtag.al\/?p=262732"},"modified":"2019-01-03T16:37:43","modified_gmt":"2019-01-03T15:37:43","slug":"meta-vizite-ne-kosove-ndalet-ne-manastirin-e-decanit","status":"publish","type":"post","link":"https:\/\/www.hashtag.al\/index.php\/2019\/01\/03\/meta-vizite-ne-kosove-ndalet-ne-manastirin-e-decanit\/","title":{"rendered":"Meta vizit\u00eb n\u00eb Kosov\u00eb, ndalet n\u00eb Manastirin e De\u00e7anit","gt_translate_keys":[{"key":"rendered","format":"text"}]},"content":{"rendered":"<p><img loading=\"lazy\" decoding=\"async\" class=\"aligncenter size-full wp-image-262733\" src=\"https:\/\/hashtag.al\/wp-content\/uploads\/2019\/01\/auto_49195123_2072150592831203_7996818244285497344_n1546527342.jpg\" alt=\"\" width=\"900\" height=\"900\" srcset=\"https:\/\/www.hashtag.al\/wp-content\/uploads\/2019\/01\/auto_49195123_2072150592831203_7996818244285497344_n1546527342.jpg 900w, https:\/\/www.hashtag.al\/wp-content\/uploads\/2019\/01\/auto_49195123_2072150592831203_7996818244285497344_n1546527342-150x150.jpg 150w, https:\/\/www.hashtag.al\/wp-content\/uploads\/2019\/01\/auto_49195123_2072150592831203_7996818244285497344_n1546527342-300x300.jpg 300w, https:\/\/www.hashtag.al\/wp-content\/uploads\/2019\/01\/auto_49195123_2072150592831203_7996818244285497344_n1546527342-768x768.jpg 768w, https:\/\/www.hashtag.al\/wp-content\/uploads\/2019\/01\/auto_49195123_2072150592831203_7996818244285497344_n1546527342-120x120.jpg 120w\" sizes=\"auto, (max-width: 900px) 100vw, 900px\" \/><\/p>\n<p>Presidenti i Republik\u00ebs Ilir Meta i ka kaluar dit\u00ebt e para t\u00eb vitit 2019 n\u00eb Kosov\u00eb.<\/p>\n<p>Pasi uroi mir\u00ebm\u00ebngjesi nga Bjeshk\u00ebt e Rugov\u00ebs, familja presidenciale e Shqip\u00ebris\u00eb ka vizituar edhe Manastirin e De\u00e7anit.<\/p>\n<p>\u2018Nj\u00eb vizit\u00eb mbres\u00ebl\u00ebn\u00ebse n\u00eb Manastirin e De\u00e7anit dhe n\u00eb Patriarkan\u00ebs s\u00eb Pej\u00ebs, dy monumente t\u00eb trash\u00ebgimis\u00eb kulturore\u2019, shkruan presidenti i Shqip\u00ebris\u00eb Ilir Meta n\u00eb faqen e tij n\u00eb Facebook.<\/p>\n<p>Ai ka postuar edhe dy foto nga Manastiri i De\u00e7anit, bashk\u00eb me familjen.<\/p>\n<p><img loading=\"lazy\" decoding=\"async\" class=\"aligncenter size-full wp-image-262734\" src=\"https:\/\/hashtag.al\/wp-content\/uploads\/2019\/01\/auto_49678567_2072150656164530_839509258457317376_n1546527342.jpg\" alt=\"\" width=\"900\" height=\"675\" srcset=\"https:\/\/www.hashtag.al\/wp-content\/uploads\/2019\/01\/auto_49678567_2072150656164530_839509258457317376_n1546527342.jpg 900w, https:\/\/www.hashtag.al\/wp-content\/uploads\/2019\/01\/auto_49678567_2072150656164530_839509258457317376_n1546527342-300x225.jpg 300w, https:\/\/www.hashtag.al\/wp-content\/uploads\/2019\/01\/auto_49678567_2072150656164530_839509258457317376_n1546527342-768x576.jpg 768w\" sizes=\"auto, (max-width: 900px) 100vw, 900px\" \/><\/p>\n","protected":false,"gt_translate_keys":[{"key":"rendered","format":"html"}]},"excerpt":{"rendered":"<p>Presidenti i Republik\u00ebs Ilir Meta i ka kaluar dit\u00ebt e para t\u00eb vitit 2019 n\u00eb Kosov\u00eb. Pasi uroi mir\u00ebm\u00ebngjesi nga Bjeshk\u00ebt e Rugov\u00ebs, familja presidenciale e Shqip\u00ebris\u00eb ka vizituar edhe Manastirin e De\u00e7anit. \u2018Nj\u00eb vizit\u00eb mbres\u00ebl\u00ebn\u00ebse n\u00eb Manastirin e De\u00e7anit dhe n\u00eb Patriarkan\u00ebs s\u00eb Pej\u00ebs, dy monumente t\u00eb trash\u00ebgimis\u00eb kulturore\u2019, shkruan presidenti i Shqip\u00ebris\u00eb Ilir [&hellip;]<\/p>\n","protected":false,"gt_translate_keys":[{"key":"rendered","format":"html"}]},"author":32,"featured_media":262734,"comment_status":"open","ping_status":"open","sticky":false,"template":"","format":"standard","meta":{"footnotes":""},"categories":[65,13],"tags":[],"class_list":["post-262732","post","type-post","status-publish","format-standard","has-post-thumbnail","hentry","category-lajme","category-te-fundit"],"gt_translate_keys":[{"key":"link","format":"url"}],"_links":{"self":[{"href":"https:\/\/www.hashtag.al\/index.php\/wp-json\/wp\/v2\/posts\/262732","targetHints":{"allow":["GET"]}}],"collection":[{"href":"https:\/\/www.hashtag.al\/index.php\/wp-json\/wp\/v2\/posts"}],"about":[{"href":"https:\/\/www.hashtag.al\/index.php\/wp-json\/wp\/v2\/types\/post"}],"author":[{"embeddable":true,"href":"https:\/\/www.hashtag.al\/index.php\/wp-json\/wp\/v2\/users\/32"}],"replies":[{"embeddable":true,"href":"https:\/\/www.hashtag.al\/index.php\/wp-json\/wp\/v2\/comments?post=262732"}],"version-history":[{"count":0,"href":"https:\/\/www.hashtag.al\/index.php\/wp-json\/wp\/v2\/posts\/262732\/revisions"}],"wp:featuredmedia":[{"embeddable":true,"href":"https:\/\/www.hashtag.al\/index.php\/wp-json\/wp\/v2\/media\/262734"}],"wp:attachment":[{"href":"https:\/\/www.hashtag.al\/index.php\/wp-json\/wp\/v2\/media?parent=262732"}],"wp:term":[{"taxonomy":"category","embeddable":true,"href":"https:\/\/www.hashtag.al\/index.php\/wp-json\/wp\/v2\/categories?post=262732"},{"taxonomy":"post_tag","embeddable":true,"href":"https:\/\/www.hashtag.al\/index.php\/wp-json\/wp\/v2\/tags?post=262732"}],"curies":[{"name":"wp","href":"https:\/\/api.w.org\/{rel}","templated":true}]}}