{"id":262617,"date":"2019-01-02T20:48:12","date_gmt":"2019-01-02T19:48:12","guid":{"rendered":"https:\/\/hashtag.al\/?p=262617"},"modified":"2019-01-02T21:07:20","modified_gmt":"2019-01-02T20:07:20","slug":"zv-presidenti-i-parlamentit-evropian-kunder-korrigjimit-te-kufijve-kosove-serbi","status":"publish","type":"post","link":"https:\/\/www.hashtag.al\/index.php\/2019\/01\/02\/zv-presidenti-i-parlamentit-evropian-kunder-korrigjimit-te-kufijve-kosove-serbi\/","title":{"rendered":"Zv.Presidenti i Parlamentit Evropian kund\u00ebr korrigjimit t\u00eb kufijve Kosov\u00eb-Serbi","gt_translate_keys":[{"key":"rendered","format":"text"}]},"content":{"rendered":"<p><img loading=\"lazy\" decoding=\"async\" class=\"aligncenter size-full wp-image-262618\" src=\"https:\/\/hashtag.al\/wp-content\/uploads\/2019\/01\/wielandharadinaj.jpg\" alt=\"\" width=\"900\" height=\"600\" srcset=\"https:\/\/www.hashtag.al\/wp-content\/uploads\/2019\/01\/wielandharadinaj.jpg 900w, https:\/\/www.hashtag.al\/wp-content\/uploads\/2019\/01\/wielandharadinaj-300x200.jpg 300w, https:\/\/www.hashtag.al\/wp-content\/uploads\/2019\/01\/wielandharadinaj-768x512.jpg 768w\" sizes=\"auto, (max-width: 900px) 100vw, 900px\" \/><\/p>\n<p><span style=\"color: #000000;\">Z\u00ebvend\u00ebspresidenti i Parlamentit Evropian, Rainer Wieland, ka deklaruar se ideja e korrigjimit t\u00eb kufijve nuk \u00ebsht\u00eb e mir\u00eb. Gjat\u00eb vizit\u00ebs s\u00eb sotme n\u00eb Prishtin\u00eb, ai ka folur edhe p\u00ebr \u00e7\u00ebshtjen e liberalizimit t\u00eb vizave, ku ka th\u00ebn\u00eb se do t\u00eb mb\u00ebshtes\u00eb Kosov\u00ebn q\u00eb t\u00eb mos ket\u00eb kushte t\u00eb tjera, shkruan Koha.net.<\/span><\/p>\n<p><span style=\"color: #000000;\"><em>\u201cUn\u00eb kam diskutuar p\u00ebr shum\u00eb \u00e7\u00ebshtje, por nj\u00eb tem\u00eb q\u00eb diskutohet shum\u00eb k\u00ebtu, \u00ebsht\u00eb liberalizimi i vizave. PE vitin e kaluar e ka votuar k\u00ebt\u00eb dhe n\u00eb at\u00eb votim ka qen\u00eb edhe vota ime. Un\u00eb do t\u2019ju mb\u00ebshtes q\u00eb t\u00eb mos ket\u00eb kushte t\u00eb tjera, p\u00ebrve\u00e7 atyre q\u00eb i keni pasur. Fatkeq\u00ebsisht nuk mund t\u2019ju premtoj se kur mund t\u00eb b\u00ebhet kjo, sepse ka disa qeveri q\u00eb nuk jan\u00eb t\u00eb bindura ende\u201d<\/em>, tha ai.<\/span><\/p>\n<p><span style=\"color: #000000;\"><em>\u201cNuk mendojm\u00eb q\u00eb \u00ebsht\u00eb nj\u00eb hap i mir\u00eb, q\u00eb n\u00eb k\u00ebto rajone t\u00eb ndryshohen kufijt\u00eb sepse ka m\u00eb shum\u00eb ndikime sesa n\u00eb rajone tjera. Un\u00eb nuk mendoj q\u00eb \u00ebsht\u00eb ide e mir\u00eb kjo\u201d<\/em>, shtoi ai lidhur me \u00e7\u00ebshtjen e korrigjimit t\u00eb kufijve.<\/span><\/p>\n<p><span style=\"color: #000000;\">Kurse, kryeministri Ramush Haradinaj ka th\u00ebn\u00eb se ka k\u00ebrkuar ndihm\u00ebn e Wieland-it q\u00eb t\u00eb tregohet e v\u00ebrteta p\u00ebr Kosov\u00ebn.<\/span><\/p>\n<p><span style=\"color: #000000;\"><em>\u201cBiseduam edhe p\u00ebr \u00e7\u00ebshtjen e liberalizimit t\u00eb vizave. P\u00ebr mua \u00ebsht\u00eb shum\u00eb e r\u00ebnd\u00ebsishme mb\u00ebshtetja e Gjermanis\u00eb dhe k\u00ebrkova ndihm\u00ebn e tij p\u00ebr t\u00eb treguar t\u00eb v\u00ebrtet\u00ebn p\u00ebr Kosov\u00ebn\u201d<\/em>, tha Haradinaj.<\/span><\/p>\n<p><img loading=\"lazy\" decoding=\"async\" class=\"aligncenter size-full wp-image-262620\" src=\"https:\/\/hashtag.al\/wp-content\/uploads\/2019\/01\/haradinaj.png\" alt=\"\" width=\"650\" height=\"358\" srcset=\"https:\/\/www.hashtag.al\/wp-content\/uploads\/2019\/01\/haradinaj.png 650w, https:\/\/www.hashtag.al\/wp-content\/uploads\/2019\/01\/haradinaj-300x165.png 300w\" sizes=\"auto, (max-width: 650px) 100vw, 650px\" \/><\/p>\n","protected":false,"gt_translate_keys":[{"key":"rendered","format":"html"}]},"excerpt":{"rendered":"<p>Z\u00ebvend\u00ebspresidenti i Parlamentit Evropian, Rainer Wieland, ka deklaruar se ideja e korrigjimit t\u00eb kufijve nuk \u00ebsht\u00eb e mir\u00eb. Gjat\u00eb vizit\u00ebs s\u00eb sotme n\u00eb Prishtin\u00eb, ai ka folur edhe p\u00ebr \u00e7\u00ebshtjen e liberalizimit t\u00eb vizave, ku ka th\u00ebn\u00eb se do t\u00eb mb\u00ebshtes\u00eb Kosov\u00ebn q\u00eb t\u00eb mos ket\u00eb kushte t\u00eb tjera, shkruan Koha.net. \u201cUn\u00eb kam diskutuar p\u00ebr [&hellip;]<\/p>\n","protected":false,"gt_translate_keys":[{"key":"rendered","format":"html"}]},"author":51,"featured_media":262619,"comment_status":"open","ping_status":"open","sticky":false,"template":"","format":"standard","meta":{"footnotes":""},"categories":[149,6],"tags":[],"class_list":["post-262617","post","type-post","status-publish","format-standard","has-post-thumbnail","hentry","category-kosoverajon","category-nderkombetare"],"gt_translate_keys":[{"key":"link","format":"url"}],"_links":{"self":[{"href":"https:\/\/www.hashtag.al\/index.php\/wp-json\/wp\/v2\/posts\/262617","targetHints":{"allow":["GET"]}}],"collection":[{"href":"https:\/\/www.hashtag.al\/index.php\/wp-json\/wp\/v2\/posts"}],"about":[{"href":"https:\/\/www.hashtag.al\/index.php\/wp-json\/wp\/v2\/types\/post"}],"author":[{"embeddable":true,"href":"https:\/\/www.hashtag.al\/index.php\/wp-json\/wp\/v2\/users\/51"}],"replies":[{"embeddable":true,"href":"https:\/\/www.hashtag.al\/index.php\/wp-json\/wp\/v2\/comments?post=262617"}],"version-history":[{"count":0,"href":"https:\/\/www.hashtag.al\/index.php\/wp-json\/wp\/v2\/posts\/262617\/revisions"}],"wp:featuredmedia":[{"embeddable":true,"href":"https:\/\/www.hashtag.al\/index.php\/wp-json\/wp\/v2\/media\/262619"}],"wp:attachment":[{"href":"https:\/\/www.hashtag.al\/index.php\/wp-json\/wp\/v2\/media?parent=262617"}],"wp:term":[{"taxonomy":"category","embeddable":true,"href":"https:\/\/www.hashtag.al\/index.php\/wp-json\/wp\/v2\/categories?post=262617"},{"taxonomy":"post_tag","embeddable":true,"href":"https:\/\/www.hashtag.al\/index.php\/wp-json\/wp\/v2\/tags?post=262617"}],"curies":[{"name":"wp","href":"https:\/\/api.w.org\/{rel}","templated":true}]}}