{"id":261816,"date":"2018-12-28T23:30:11","date_gmt":"2018-12-28T22:30:11","guid":{"rendered":"https:\/\/hashtag.al\/?p=261816"},"modified":"2018-12-28T23:16:47","modified_gmt":"2018-12-28T22:16:47","slug":"haradinaj-pa-shba-ne-nuk-mund-te-arrihet-marreveshja-me-serbine","status":"publish","type":"post","link":"https:\/\/www.hashtag.al\/index.php\/2018\/12\/28\/haradinaj-pa-shba-ne-nuk-mund-te-arrihet-marreveshja-me-serbine\/","title":{"rendered":"Haradinaj: Pa SHBA-n\u00eb nuk mund t\u00eb arrihet marr\u00ebveshja me Serbin\u00eb","gt_translate_keys":[{"key":"rendered","format":"text"}]},"content":{"rendered":"<p><img loading=\"lazy\" decoding=\"async\" class=\"aligncenter size-full wp-image-261817\" src=\"https:\/\/hashtag.al\/wp-content\/uploads\/2018\/12\/haradinaj-2_1546032122-1194865.jpg\" alt=\"\" width=\"633\" height=\"347\" srcset=\"https:\/\/www.hashtag.al\/wp-content\/uploads\/2018\/12\/haradinaj-2_1546032122-1194865.jpg 633w, https:\/\/www.hashtag.al\/wp-content\/uploads\/2018\/12\/haradinaj-2_1546032122-1194865-300x164.jpg 300w\" sizes=\"auto, (max-width: 633px) 100vw, 633px\" \/><\/p>\n<p>Kryeministri i Kosov\u00ebs, Ramush Haradinaj, ka zhvilluar nj\u00eb intervist\u00eb n\u00eb RTV21. Kryeministri edhe k\u00ebt\u00eb her\u00eb ka k\u00ebrkuar q\u00eb n\u00eb procesin e dialogut me Serbin\u00eb t\u00eb marrin pjes\u00eb edhe Shtetet e Bashkuara t\u00eb Amerik\u00ebs.<\/p>\n<p>N\u00eb k\u00ebt\u00eb intervist\u00eb, Haradinaj gjithashtu iu p\u00ebrgjigj pyetjeve n\u00eb lidhje me letr\u00ebn e presidentit Trump.<\/p>\n<p>Kryeministri i Kosov\u00ebs foli edhe p\u00ebr rolin e BE-s\u00eb dhe SHBA-s\u00eb n\u00eb lidhje relacionet Kosov\u00eb-Serbi.<\/p>\n<p>Haradinaj p\u00ebrs\u00ebri kritikoi Shefen e Politik\u00ebs s\u00eb Jashtme t\u00eb BE-s\u00eb, Federica Mogherini. Ai tha se Mogherini nuk ka b\u00ebr\u00eb asgj\u00eb n\u00eb lidhje me problemin mes Kosov\u00ebs dhe Serbis\u00eb.<\/p>\n<p>Ai shtoi se problemi mes Kosov\u00ebs dhe Serbis\u00eb mund t\u00eb zgjidhet vet\u00ebm me p\u00ebrfshirjen e SHBA-s\u00eb n\u00eb dialog. I pari i qeveris\u00eb tha se po t\u2019ia l\u00ebm\u00eb n\u00eb dor\u00eb vet\u00ebm Mogherinit, \u2018\u2019do t\u00eb mbesim k\u00ebshtu edhe 3000 vjet\u2019\u2019.<\/p>\n<p>Haradinaj tha se lufta n\u00eb Bosnje dhe Kosov\u00eb ka p\u00ebrfunduar vet\u00ebm me nd\u00ebrhyrjen e SHBA-s\u00eb, dhe problemi mes Kosov\u00ebs dhe Serbis\u00eb mund t\u00eb zgjidhet vet\u00ebm me p\u00ebrfshirjen e tyre.<\/p>\n","protected":false,"gt_translate_keys":[{"key":"rendered","format":"html"}]},"excerpt":{"rendered":"<p>Kryeministri i Kosov\u00ebs, Ramush Haradinaj, ka zhvilluar nj\u00eb intervist\u00eb n\u00eb RTV21. Kryeministri edhe k\u00ebt\u00eb her\u00eb ka k\u00ebrkuar q\u00eb n\u00eb procesin e dialogut me Serbin\u00eb t\u00eb marrin pjes\u00eb edhe Shtetet e Bashkuara t\u00eb Amerik\u00ebs. N\u00eb k\u00ebt\u00eb intervist\u00eb, Haradinaj gjithashtu iu p\u00ebrgjigj pyetjeve n\u00eb lidhje me letr\u00ebn e presidentit Trump. Kryeministri i Kosov\u00ebs foli edhe p\u00ebr rolin [&hellip;]<\/p>\n","protected":false,"gt_translate_keys":[{"key":"rendered","format":"html"}]},"author":32,"featured_media":261817,"comment_status":"open","ping_status":"open","sticky":false,"template":"","format":"standard","meta":{"footnotes":""},"categories":[149,13],"tags":[],"class_list":["post-261816","post","type-post","status-publish","format-standard","has-post-thumbnail","hentry","category-kosoverajon","category-te-fundit"],"gt_translate_keys":[{"key":"link","format":"url"}],"_links":{"self":[{"href":"https:\/\/www.hashtag.al\/index.php\/wp-json\/wp\/v2\/posts\/261816","targetHints":{"allow":["GET"]}}],"collection":[{"href":"https:\/\/www.hashtag.al\/index.php\/wp-json\/wp\/v2\/posts"}],"about":[{"href":"https:\/\/www.hashtag.al\/index.php\/wp-json\/wp\/v2\/types\/post"}],"author":[{"embeddable":true,"href":"https:\/\/www.hashtag.al\/index.php\/wp-json\/wp\/v2\/users\/32"}],"replies":[{"embeddable":true,"href":"https:\/\/www.hashtag.al\/index.php\/wp-json\/wp\/v2\/comments?post=261816"}],"version-history":[{"count":0,"href":"https:\/\/www.hashtag.al\/index.php\/wp-json\/wp\/v2\/posts\/261816\/revisions"}],"wp:featuredmedia":[{"embeddable":true,"href":"https:\/\/www.hashtag.al\/index.php\/wp-json\/wp\/v2\/media\/261817"}],"wp:attachment":[{"href":"https:\/\/www.hashtag.al\/index.php\/wp-json\/wp\/v2\/media?parent=261816"}],"wp:term":[{"taxonomy":"category","embeddable":true,"href":"https:\/\/www.hashtag.al\/index.php\/wp-json\/wp\/v2\/categories?post=261816"},{"taxonomy":"post_tag","embeddable":true,"href":"https:\/\/www.hashtag.al\/index.php\/wp-json\/wp\/v2\/tags?post=261816"}],"curies":[{"name":"wp","href":"https:\/\/api.w.org\/{rel}","templated":true}]}}