{"id":261810,"date":"2018-12-28T23:58:24","date_gmt":"2018-12-28T22:58:24","guid":{"rendered":"https:\/\/hashtag.al\/?p=261810"},"modified":"2018-12-28T22:49:58","modified_gmt":"2018-12-28T21:49:58","slug":"real-madrid-blen-talentin-19-vjecar-te-man-city","status":"publish","type":"post","link":"https:\/\/www.hashtag.al\/index.php\/2018\/12\/28\/real-madrid-blen-talentin-19-vjecar-te-man-city\/","title":{"rendered":"Real Madrid blen talentin 19-vje\u00e7ar t\u00eb Man.City","gt_translate_keys":[{"key":"rendered","format":"text"}]},"content":{"rendered":"<p><img loading=\"lazy\" decoding=\"async\" class=\"aligncenter size-full wp-image-261811\" src=\"https:\/\/hashtag.al\/wp-content\/uploads\/2018\/12\/brahim-diaz.jpg\" alt=\"\" width=\"810\" height=\"539\" srcset=\"https:\/\/www.hashtag.al\/wp-content\/uploads\/2018\/12\/brahim-diaz.jpg 810w, https:\/\/www.hashtag.al\/wp-content\/uploads\/2018\/12\/brahim-diaz-300x200.jpg 300w, https:\/\/www.hashtag.al\/wp-content\/uploads\/2018\/12\/brahim-diaz-768x511.jpg 768w\" sizes=\"auto, (max-width: 810px) 100vw, 810px\" \/><\/p>\n<p><span style=\"color: #000000;\">Talenti i Manchester City, Brahim Diaz, do t\u00eb transferohet n\u00eb Spanj\u00eb n\u00eb merkaton e janarit.<\/span><\/p>\n<p><span style=\"color: #000000;\">Real Madrid dhe \u201cCitizens\u201d kan\u00eb r\u00ebn\u00eb dakord p\u00ebr transferimin e Diaz n\u00eb \u201cSantiago Bernabeu\u201d q\u00eb n\u00eb fillim t\u00eb vitit 2019, edhe pse kontrata e tij skadon n\u00eb qershor.<\/span><\/p>\n<p><span style=\"color: #000000;\">Kampion\u00ebt e Europ\u00ebs jan\u00eb gati t\u00eb paguajn\u00eb 15 milion\u00eb euro, plus bonuset, n\u00eb m\u00ebnyr\u00eb q\u00eb t\u00eb marrin 19-vje\u00e7arin n\u00eb janar.<\/span><\/p>\n<p><span style=\"color: #000000;\">Diaz do t\u00eb n\u00ebnshkruaj\u00eb me madrilen\u00ebt nj\u00eb kontrat\u00eb 6-vje\u00e7are dhe do t\u00eb p\u00ebrfitoj\u00eb rreth 3.5 milion\u00eb euro n\u00eb sezon.<\/span><\/p>\n","protected":false,"gt_translate_keys":[{"key":"rendered","format":"html"}]},"excerpt":{"rendered":"<p>Talenti i Manchester City, Brahim Diaz, do t\u00eb transferohet n\u00eb Spanj\u00eb n\u00eb merkaton e janarit. Real Madrid dhe \u201cCitizens\u201d kan\u00eb r\u00ebn\u00eb dakord p\u00ebr transferimin e Diaz n\u00eb \u201cSantiago Bernabeu\u201d q\u00eb n\u00eb fillim t\u00eb vitit 2019, edhe pse kontrata e tij skadon n\u00eb qershor. Kampion\u00ebt e Europ\u00ebs jan\u00eb gati t\u00eb paguajn\u00eb 15 milion\u00eb euro, plus bonuset, [&hellip;]<\/p>\n","protected":false,"gt_translate_keys":[{"key":"rendered","format":"html"}]},"author":32,"featured_media":261811,"comment_status":"open","ping_status":"open","sticky":false,"template":"","format":"standard","meta":{"footnotes":""},"categories":[134,13],"tags":[],"class_list":["post-261810","post","type-post","status-publish","format-standard","has-post-thumbnail","hentry","category-sport","category-te-fundit"],"gt_translate_keys":[{"key":"link","format":"url"}],"_links":{"self":[{"href":"https:\/\/www.hashtag.al\/index.php\/wp-json\/wp\/v2\/posts\/261810","targetHints":{"allow":["GET"]}}],"collection":[{"href":"https:\/\/www.hashtag.al\/index.php\/wp-json\/wp\/v2\/posts"}],"about":[{"href":"https:\/\/www.hashtag.al\/index.php\/wp-json\/wp\/v2\/types\/post"}],"author":[{"embeddable":true,"href":"https:\/\/www.hashtag.al\/index.php\/wp-json\/wp\/v2\/users\/32"}],"replies":[{"embeddable":true,"href":"https:\/\/www.hashtag.al\/index.php\/wp-json\/wp\/v2\/comments?post=261810"}],"version-history":[{"count":0,"href":"https:\/\/www.hashtag.al\/index.php\/wp-json\/wp\/v2\/posts\/261810\/revisions"}],"wp:featuredmedia":[{"embeddable":true,"href":"https:\/\/www.hashtag.al\/index.php\/wp-json\/wp\/v2\/media\/261811"}],"wp:attachment":[{"href":"https:\/\/www.hashtag.al\/index.php\/wp-json\/wp\/v2\/media?parent=261810"}],"wp:term":[{"taxonomy":"category","embeddable":true,"href":"https:\/\/www.hashtag.al\/index.php\/wp-json\/wp\/v2\/categories?post=261810"},{"taxonomy":"post_tag","embeddable":true,"href":"https:\/\/www.hashtag.al\/index.php\/wp-json\/wp\/v2\/tags?post=261810"}],"curies":[{"name":"wp","href":"https:\/\/api.w.org\/{rel}","templated":true}]}}