{"id":261203,"date":"2018-12-26T21:45:45","date_gmt":"2018-12-26T20:45:45","guid":{"rendered":"https:\/\/hashtag.al\/?p=261203"},"modified":"2018-12-26T22:06:52","modified_gmt":"2018-12-26T21:06:52","slug":"ngjarja-ne-laprake-atentati-ndaj-dy-te-rinjve-dhe-e-shkuara-e-erret-e-te-plagosurit","status":"publish","type":"post","link":"https:\/\/www.hashtag.al\/index.php\/2018\/12\/26\/ngjarja-ne-laprake-atentati-ndaj-dy-te-rinjve-dhe-e-shkuara-e-erret-e-te-plagosurit\/","title":{"rendered":"Ngjarja n\u00eb Laprak\u00eb, atentati ndaj dy t\u00eb rinjve dhe e shkuara e err\u00ebt e t\u00eb plagosurit","gt_translate_keys":[{"key":"rendered","format":"text"}]},"content":{"rendered":"<p><img loading=\"lazy\" decoding=\"async\" class=\"aligncenter size-full wp-image-261145\" src=\"https:\/\/hashtag.al\/wp-content\/uploads\/2018\/12\/tirane.jpg\" alt=\"\" width=\"640\" height=\"404\" srcset=\"https:\/\/www.hashtag.al\/wp-content\/uploads\/2018\/12\/tirane.jpg 640w, https:\/\/www.hashtag.al\/wp-content\/uploads\/2018\/12\/tirane-300x189.jpg 300w\" sizes=\"auto, (max-width: 640px) 100vw, 640px\" \/><\/p>\n<p>&nbsp;<\/p>\n<p><span style=\"color: #000000;\">Mbr\u00ebmjen e sotme n\u00eb kryeqytet n\u00eb zon\u00ebn e laprak\u00ebs ndodhi nj\u00eb ngjarje e r\u00ebnd\u00eb ku ndaj dy t\u00eb rinjve u krye nj\u00eb atentat ku nd\u00ebrroi jet\u00eb nj\u00eb 17-vje\u00e7are dhe mbeti i plagosur nj\u00eb 23-vje\u00e7ar.<\/span><\/p>\n<p><span style=\"color: #000000;\">Dy t\u00eb rinjt\u00eb ishin n\u00eb nj\u00eb makin\u00eb tip Benz, A Class, n\u00eb momentin kur ndodhi ngjarja. Nga plumbat humbi jet\u00ebn 17-vje\u00e7arja Briselda Gjikola nd\u00ebrsa i plagosur mbeti 23-vje\u00e7ari Edmond Bego, i cili ndodhet n\u00eb spital pasi ka marr\u00eb dy plumba nj\u00eb n\u00eb shpatull dhe nj\u00eb n\u00eb qaf\u00eb.<\/span><\/p>\n<p><span style=\"color: #000000;\">Sipas t\u00eb dh\u00ebnave nga policia Bego kishte pasur nj\u00eb konflikt disa dit\u00eb m\u00eb par\u00eb me nj\u00eb t\u00eb ri por motivet e v\u00ebrteta t\u00eb ngjarjes nuk dihen ende.<\/span><\/p>\n<p><span style=\"color: #000000;\">Por i plagosur Bego nuk ka qen\u00eb nj\u00eb njeri i panjohur p\u00ebr policin\u00eb pasi ai, rezulton me precedent\u00eb t\u00eb m\u00ebparsh\u00ebm penal\u00eb.<\/span><\/p>\n<p><span style=\"color: #000000;\">Bengo \u00ebsht\u00eb arrestuar para dy vitesh p\u00ebr vepr\u00ebn penale \u201cshtr\u00ebngim me an\u00eb t\u00eb kanosjes p\u00ebr dh\u00ebnie pasurie\u201d.<\/span><\/p>\n<p><span style=\"color: #000000;\">I riu \u00ebsht\u00eb akuzuar nga policia se,\u00a0n\u00eb bashk\u00ebpunim me nj\u00eb person tjet\u00ebr, ka shantazhuar ish-t\u00eb dashur\u00ebn se, do ti publikonte nj\u00eb video intime, n\u00ebse ajo nuk i jepte 2.000 euro.<\/span><\/p>\n<p><span style=\"color: #000000;\">Sipas njoftimit t\u00eb policis\u00eb \u00ebsht\u00eb dentifikuar dhe shpallur n\u00eb k\u00ebrkim autori, por p\u00ebr arsye hetimore nuk b\u00ebhen me dije t\u00eb dh\u00ebna t\u00eb tjera,autori dyshohet se p\u00ebr motive t\u00eb dob\u00ebta ka q\u00eblluar me arm\u00eb zjarri drejt shtetasve B. Gj., 17 vje\u00e7e dhe E. B., 23 vje\u00e7, t\u00eb cil\u00ebt ndodheshin s\u00eb bashku n\u00eb nj\u00eb mjet n\u00eb zon\u00ebn e Laprak\u00ebs.\/<strong>Hashtag.al<\/strong><\/span><\/p>\n","protected":false,"gt_translate_keys":[{"key":"rendered","format":"html"}]},"excerpt":{"rendered":"<p>&nbsp; Mbr\u00ebmjen e sotme n\u00eb kryeqytet n\u00eb zon\u00ebn e laprak\u00ebs ndodhi nj\u00eb ngjarje e r\u00ebnd\u00eb ku ndaj dy t\u00eb rinjve u krye nj\u00eb atentat ku nd\u00ebrroi jet\u00eb nj\u00eb 17-vje\u00e7are dhe mbeti i plagosur nj\u00eb 23-vje\u00e7ar. Dy t\u00eb rinjt\u00eb ishin n\u00eb nj\u00eb makin\u00eb tip Benz, A Class, n\u00eb momentin kur ndodhi ngjarja. Nga plumbat humbi jet\u00ebn [&hellip;]<\/p>\n","protected":false,"gt_translate_keys":[{"key":"rendered","format":"html"}]},"author":32,"featured_media":261145,"comment_status":"open","ping_status":"open","sticky":false,"template":"","format":"standard","meta":{"footnotes":""},"categories":[22,13],"tags":[],"class_list":["post-261203","post","type-post","status-publish","format-standard","has-post-thumbnail","hentry","category-ballina","category-te-fundit"],"gt_translate_keys":[{"key":"link","format":"url"}],"_links":{"self":[{"href":"https:\/\/www.hashtag.al\/index.php\/wp-json\/wp\/v2\/posts\/261203","targetHints":{"allow":["GET"]}}],"collection":[{"href":"https:\/\/www.hashtag.al\/index.php\/wp-json\/wp\/v2\/posts"}],"about":[{"href":"https:\/\/www.hashtag.al\/index.php\/wp-json\/wp\/v2\/types\/post"}],"author":[{"embeddable":true,"href":"https:\/\/www.hashtag.al\/index.php\/wp-json\/wp\/v2\/users\/32"}],"replies":[{"embeddable":true,"href":"https:\/\/www.hashtag.al\/index.php\/wp-json\/wp\/v2\/comments?post=261203"}],"version-history":[{"count":0,"href":"https:\/\/www.hashtag.al\/index.php\/wp-json\/wp\/v2\/posts\/261203\/revisions"}],"wp:featuredmedia":[{"embeddable":true,"href":"https:\/\/www.hashtag.al\/index.php\/wp-json\/wp\/v2\/media\/261145"}],"wp:attachment":[{"href":"https:\/\/www.hashtag.al\/index.php\/wp-json\/wp\/v2\/media?parent=261203"}],"wp:term":[{"taxonomy":"category","embeddable":true,"href":"https:\/\/www.hashtag.al\/index.php\/wp-json\/wp\/v2\/categories?post=261203"},{"taxonomy":"post_tag","embeddable":true,"href":"https:\/\/www.hashtag.al\/index.php\/wp-json\/wp\/v2\/tags?post=261203"}],"curies":[{"name":"wp","href":"https:\/\/api.w.org\/{rel}","templated":true}]}}