{"id":260611,"date":"2018-12-24T19:29:14","date_gmt":"2018-12-24T18:29:14","guid":{"rendered":"https:\/\/hashtag.al\/?p=260611"},"modified":"2018-12-24T19:29:14","modified_gmt":"2018-12-24T18:29:14","slug":"260611","status":"publish","type":"post","link":"https:\/\/www.hashtag.al\/index.php\/2018\/12\/24\/260611\/","title":{"rendered":"Franc\u00eb, Macronit i ka shkuar koha si lojtar i vet\u00ebm","gt_translate_keys":[{"key":"rendered","format":"text"}]},"content":{"rendered":"<p class=\"intro\">N\u00eb vitin e ri Emmanuel Macron do t\u00eb duhet t\u00eb jap\u00eb p\u00ebrgjigje p\u00ebr pyetjet e kritik\u00ebve. T\u00eb till\u00eb ai ka shum\u00eb. Nuk jan\u00eb vet\u00ebm Jelekverdh\u00ebt q\u00eb b\u00ebjn\u00eb presion, por edhe ekonomia. T\u00eb pakt\u00ebn tani Macronit i duhet partia e tij.<\/p>\n<div id=\"sharing-bar\" class=\"min\"><span dir=\"ltr\">\u00a0<\/span><span dir=\"ltr\">\u00a0<\/span><span dir=\"ltr\">\u00a0<\/span><span dir=\"ltr\">\u00a0<\/span><\/div>\n<div class=\"picBox full\"><a class=\"overlayLink init\" href=\"https:\/\/www.dw.com\/sq\/franc%C3%AB-macronit-i-ka-shkuar-koha-si-lojtar-i-vet%C3%ABm\/a-46850381#\" rel=\"nofollow\"><img decoding=\"async\" title=\"Belgien, EU-Gipfel - Emmanuel Macron, Pr\u00e4sident von Frankreich (Getty Images\/L. Marin)\" src=\"https:\/\/www.dw.com\/image\/46747502_303.jpg\" alt=\"Belgien, EU-Gipfel - Emmanuel Macron, Pr\u00e4sident von Frankreich (Getty Images\/L. Marin)\" \/><\/a><\/div>\n<div class=\"group\">\n<div class=\"longText\">\n<p>M\u00eb shum\u00eb ndjeshm\u00ebri \u2013 k\u00ebt\u00eb presidenti e mori vesh. Prandaj ai ftoi gjith\u00eb kryetar\u00ebt e bashkive t\u00eb Franc\u00ebs t\u00eb mblidheshin n\u00eb Pallatin Elys\u00e9e. P\u00ebr her\u00eb t\u00eb par\u00eb. Sepse her\u00eb t\u00eb tjera politikan\u00ebt lokal\u00eb e kan\u00eb takuar presidentin francez maksimumi n\u00eb ambientet e thjeshta t\u00eb panairit, Porte de Versailles. Kati i par\u00eb i Pallatit Elys\u00e9e \u00ebsht\u00eb zakonisht i rezervuar p\u00ebr diplomat\u00ebt. Megjith\u00eb k\u00ebt\u00eb xhest pajtimi, Macron nuk e ka kap\u00ebrcyer momentin kritik. Ai vazhdon t\u00eb ndodhet n\u00ebn presion t\u00eb madh.<\/p>\n<p><strong>Paqja sociale n\u00eb rrezik<\/strong><\/p>\n<p>Nuk ka r\u00ebnd\u00ebsi n\u00ebse presidenti francez do t\u00eb arrij\u00eb t\u00eb qet\u00ebsoj\u00eb L\u00ebvizjen e Jelekverdh\u00ebve p\u00ebr dit\u00ebt e festave, sepse ka koh\u00eb q\u00eb protesat masive t\u00eb rrug\u00ebs jan\u00eb kthyer n\u00eb nj\u00eb forc\u00eb politike reale n\u00eb t\u00eb gjith\u00eb vendin. &#8220;Ne kemi t\u00eb b\u00ebjm\u00eb n\u00eb k\u00ebt\u00eb rast me nj\u00eb opozit\u00eb jasht\u00eb parlamentare&#8221;, thot\u00eb p\u00ebr l\u00ebvizjen eksperti i politik\u00ebs, J\u00e9r\u00f4me Sainte-Marie nga Instituti PollingVox. Macron duhet t\u00eb reagoj\u00eb politikisht n\u00eb vitin e ri, p\u00ebve\u00e7 l\u00ebshimeve p\u00ebr njer\u00ebzit me t\u00eb ardhura t\u00eb ulta, q\u00eb jepen n\u00eb fund t\u00eb vitit si paketa emergjence. Jelekverdh\u00ebt, thot\u00eb Sainte-Marie, p\u00ebrb\u00ebjn\u00eb nj\u00eb moment kthese n\u00eb presidenc\u00ebn e Macronit.<\/p>\n<p>K\u00ebshtu q\u00eb viti 2019 do t\u00eb jet\u00eb vit prove p\u00ebr presidentin e ri. Ai duhet t&#8217;i tregoj\u00eb francez\u00ebve, se ka n\u00eb dor\u00eb postin m\u00eb t\u00eb lart\u00eb t\u00eb shtetit. P\u00ebr k\u00ebt\u00eb duhet t\u00eb d\u00ebshmoj\u00eb se ka aft\u00ebsi mjesht\u00ebrore dhe t\u00eb prezantoj\u00eb nga e para politik\u00ebn e tij, t\u00eb cil\u00ebn shum\u00eb vet\u00eb e quajn\u00eb autoritare dhe elitare. T\u00eb pushoj\u00eb kryeministrin dhe t\u00eb b\u00ebj\u00eb t\u00eb ditur se do t\u00eb ket\u00eb nj\u00eb fillim t\u00eb ri? Kjo dredhi politike, e ofruar nga kushtetuta franceze dhe e p\u00ebrdorur me virtuozitet nga gjith\u00eb pasardh\u00ebsit e tij, nuk do t\u00eb mjaftoj\u00eb n\u00eb rastin e Macronit, vler\u00ebsojn\u00eb njer\u00ebz q\u00eb merren me politik\u00eb. Macron \u00ebsht\u00eb duke paguar tani p\u00ebr faktin q\u00eb vet\u00ebm 24 p\u00ebrqind e francez\u00ebve e kan\u00eb zgjedhur me bindje president, thon\u00eb konservator\u00ebt e politik\u00ebs s\u00eb Parisit.<\/p>\n<p>Nga Macron, q\u00eb nuk vjen nga politika, priten shum\u00eb gj\u00ebra. &#8220;Ai duhet t\u00eb zgjeroj\u00eb shumic\u00ebn politike, n\u00ebse do q\u00eb t\u00eb shp\u00ebtoj\u00eb mandatin\u201d, thot\u00eb Sainte-Marie n\u00eb bised\u00eb me Deutsche Wellen. Deri tani protestat kan\u00eb dashur t\u00eb p\u00ebrfshijn\u00eb edhe Macronin, por ato nuk ia kan\u00eb hedhur dot grepin presidentit. Deri tani ai ka qen\u00eb mb\u00ebshtetur nga nj\u00eb shumic\u00eb n\u00eb Dhom\u00ebn e deputet\u00ebve.<\/p>\n<p><strong>Partia e Macronit<\/strong><strong>\u00a0\u00ebsht\u00eb kthyer n\u00eb bela<\/strong><strong>?<\/strong><\/p>\n<p>Por nd\u00ebrkoh\u00eb po rriten edhe z\u00ebrat nga radh\u00ebt e veta q\u00eb k\u00ebrkojn\u00eb ndryshime n\u00eb dialog me qytetar\u00ebt, politik\u00ebn sociale, n\u00eb prezantimin e tij. &#8220;Macron duhet t\u00eb ndaloj\u00eb s\u00eb foluri si shefi i personelit t\u00eb nj\u00eb kombi q\u00eb sapo \u00ebsht\u00eb krijuar&#8221;, kritikon deputeti Patrick Vignal nga partia La R\u00e9publique en Marche (LRM). P\u00ebrve\u00e7 kritikave n\u00eb sjelljen e tij q\u00eb shihet si arrogante, politikan\u00ebt e LRM k\u00ebrkojn\u00eb edhe nj\u00eb politik\u00eb t\u00eb re sociale, q\u00eb t&#8217;i p\u00ebrshtatet m\u00eb mir\u00eb qytetar\u00ebve. Si p\u00ebrshembull njer\u00ebzit me t\u00eb ardhura t\u00eb pakta nuk duhet t\u00eb paguajn\u00eb p\u00ebr sh\u00ebrbimet sociale. Shum\u00eb vet\u00eb n\u00eb partin\u00eb e tij flasin edhe p\u00ebr ringjalljen e taksave mbi t\u00eb pasurit, q\u00eb Macron e hoqi. Dhuratat q\u00eb b\u00ebn Macroni me parat\u00eb shqet\u00ebsojn\u00eb shum\u00eb ekonom\u00eb. Vitin e ardhsh\u00ebm mungojn\u00eb n\u00eb buxhet 4 miliard\u00eb euro prej heqjes s\u00eb taks\u00ebs mbi karburante. Q\u00ebllimi i qeveris\u00eb, p\u00ebr ta mbajtur deficitin e lejuar nga 3 p\u00ebrqind n\u00eb 2,8 p\u00ebrqind \u00ebsht\u00eb i koh\u00ebs s\u00eb shkuar.<\/p>\n<p>Q\u00eb jelekverdh\u00ebt duan ta largojn\u00eb presidentin nga posti, \u00ebsht\u00eb e paimagjinushme nga v\u00ebzhguesit politik\u00eb. Asnj\u00eb kushtetut\u00eb tjet\u00ebr nuk e mbron presidentin e vendit aq shum\u00eb sa kushtetuta franceze. Viti tjet\u00ebr do t\u00eb sjell\u00eb sfid\u00eb t\u00eb dyfisht\u00eb p\u00ebr presidentin, dedikim p\u00ebr francez\u00ebt n\u00eb p\u00ebrgjith\u00ebsi, por edhe p\u00ebr ata n\u00eb partin\u00eb e vet\u00eb. N\u00ebse mb\u00ebshtetja n\u00eb parti thyhet at\u00ebher\u00eb situata mund t\u00eb b\u00ebhet e pak\u00ebndshme. Si shum\u00eb t\u00eb tjer\u00eb edhe J\u00e9r\u00f4me Sainte-Marie mendon, se Macron nuk do e ndryshoj\u00eb krejt\u00ebsisht stilin e tij liberal dhe autoritar. Edhe n\u00eb nivel europian ai do t\u00eb duhet t\u00eb paguaj\u00eb n\u00eb zgjedhjet parlamentare p\u00ebr munges\u00ebn e besueshm\u00ebris\u00eb si reformist.<\/p>\n<p>&#8220;N\u00ebse presioni n\u00eb rrug\u00eb shtohet dhe pak\u00ebnaq\u00ebsia n\u00eb parti rritet, at\u00ebher\u00eb nuk p\u00ebrjashtohet mund\u00ebsia q\u00eb t\u00eb shkohet n\u00eb vot\u00ebbesim&#8221;, thot\u00eb Sainte-Marie. At\u00ebher\u00eb presidenti duhet t\u00eb k\u00ebrkoj\u00eb nj\u00eb kryeminist\u00ebr nga opozita politik, t\u00eb ashtuquajtur\u00ebn Co-Habitation. Nj\u00eb qeveri q\u00eb n\u00eb Franc\u00eb urrehet. Dhe Macroni vet\u00eb nuk do t\u00eb kishte pushtetin e mjaftuesh\u00ebm p\u00ebr t\u00eb dh\u00ebn\u00eb p\u00ebrgjigjen e duhur Jelekverdh\u00ebve.<\/p>\n<p><strong>Vini re:<\/strong> Ky shkrim \u00ebsht\u00eb pron\u00ebsi intelektuale e <span style=\"color: #0000ff;\"><a style=\"color: #0000ff;\" href=\"https:\/\/www.dw.com\/sq\/franc%C3%AB-macronit-i-ka-shkuar-koha-si-lojtar-i-vet%C3%ABm\/a-46850381\">DW<\/a><\/span><\/p>\n<\/div>\n<\/div>\n","protected":false,"gt_translate_keys":[{"key":"rendered","format":"html"}]},"excerpt":{"rendered":"<p>N\u00eb vitin e ri Emmanuel Macron do t\u00eb duhet t\u00eb jap\u00eb p\u00ebrgjigje p\u00ebr pyetjet e kritik\u00ebve. T\u00eb till\u00eb ai ka shum\u00eb. Nuk jan\u00eb vet\u00ebm Jelekverdh\u00ebt q\u00eb b\u00ebjn\u00eb presion, por edhe ekonomia. T\u00eb pakt\u00ebn tani Macronit i duhet partia e tij. \u00a0\u00a0\u00a0\u00a0 M\u00eb shum\u00eb ndjeshm\u00ebri \u2013 k\u00ebt\u00eb presidenti e mori vesh. Prandaj ai ftoi gjith\u00eb kryetar\u00ebt [&hellip;]<\/p>\n","protected":false,"gt_translate_keys":[{"key":"rendered","format":"html"}]},"author":30,"featured_media":260613,"comment_status":"open","ping_status":"open","sticky":false,"template":"","format":"standard","meta":{"footnotes":""},"categories":[6,13],"tags":[],"class_list":["post-260611","post","type-post","status-publish","format-standard","has-post-thumbnail","hentry","category-nderkombetare","category-te-fundit"],"gt_translate_keys":[{"key":"link","format":"url"}],"_links":{"self":[{"href":"https:\/\/www.hashtag.al\/index.php\/wp-json\/wp\/v2\/posts\/260611","targetHints":{"allow":["GET"]}}],"collection":[{"href":"https:\/\/www.hashtag.al\/index.php\/wp-json\/wp\/v2\/posts"}],"about":[{"href":"https:\/\/www.hashtag.al\/index.php\/wp-json\/wp\/v2\/types\/post"}],"author":[{"embeddable":true,"href":"https:\/\/www.hashtag.al\/index.php\/wp-json\/wp\/v2\/users\/30"}],"replies":[{"embeddable":true,"href":"https:\/\/www.hashtag.al\/index.php\/wp-json\/wp\/v2\/comments?post=260611"}],"version-history":[{"count":0,"href":"https:\/\/www.hashtag.al\/index.php\/wp-json\/wp\/v2\/posts\/260611\/revisions"}],"wp:featuredmedia":[{"embeddable":true,"href":"https:\/\/www.hashtag.al\/index.php\/wp-json\/wp\/v2\/media\/260613"}],"wp:attachment":[{"href":"https:\/\/www.hashtag.al\/index.php\/wp-json\/wp\/v2\/media?parent=260611"}],"wp:term":[{"taxonomy":"category","embeddable":true,"href":"https:\/\/www.hashtag.al\/index.php\/wp-json\/wp\/v2\/categories?post=260611"},{"taxonomy":"post_tag","embeddable":true,"href":"https:\/\/www.hashtag.al\/index.php\/wp-json\/wp\/v2\/tags?post=260611"}],"curies":[{"name":"wp","href":"https:\/\/api.w.org\/{rel}","templated":true}]}}