{"id":260568,"date":"2018-12-24T16:59:07","date_gmt":"2018-12-24T15:59:07","guid":{"rendered":"https:\/\/hashtag.al\/?p=260568"},"modified":"2018-12-24T17:05:19","modified_gmt":"2018-12-24T16:05:19","slug":"debati-i-ashper-mes-erdogan-dhe-kryeministrit-izraelit","status":"publish","type":"post","link":"https:\/\/www.hashtag.al\/index.php\/2018\/12\/24\/debati-i-ashper-mes-erdogan-dhe-kryeministrit-izraelit\/","title":{"rendered":"&#8216;Je vras\u00ebs gjakftoht\u00eb&#8217;, debati i ashp\u00ebr mes Erdoganit dhe kryeministrit izraelit","gt_translate_keys":[{"key":"rendered","format":"text"}]},"content":{"rendered":"<p><img loading=\"lazy\" decoding=\"async\" class=\"alignnone size-full wp-image-260569\" src=\"https:\/\/hashtag.al\/wp-content\/uploads\/2018\/12\/erdogan.jpg\" alt=\"\" width=\"980\" height=\"551\" srcset=\"https:\/\/www.hashtag.al\/wp-content\/uploads\/2018\/12\/erdogan.jpg 980w, https:\/\/www.hashtag.al\/wp-content\/uploads\/2018\/12\/erdogan-300x169.jpg 300w, https:\/\/www.hashtag.al\/wp-content\/uploads\/2018\/12\/erdogan-768x432.jpg 768w\" sizes=\"auto, (max-width: 980px) 100vw, 980px\" \/><\/p>\n<p>Gjat\u00eb fundjav\u00ebs ka pasur p\u00ebrplasje t\u00eb ashpra mes presidentit t\u00eb Turqis\u00eb Rexhep Tayp Erdogan dhe kryeministrit izraelit Benjamin Netanjahu.<\/p>\n<p>T\u00eb dy kan\u00eb akuzuar nj\u00ebri-tjetrin p\u00ebr kryerjen e masakrave kund\u00ebr civil\u00ebve. Benjamin Netanyahu e quajti\u00a0 Erdoganin si nj\u00eb &#8220;pushtues t\u00eb Qipros veriore&#8221;, duke th\u00ebn\u00eb se ushtria turke &#8220;masakron grat\u00eb dhe f\u00ebmij\u00ebt n\u00eb fshatrat kurde&#8221;.<\/p>\n<p>Udh\u00ebheq\u00ebsi turk u p\u00ebrgjigj dit\u00ebn tjet\u00ebr. Ai e cil\u00ebsoi kryeministrin izraelit &#8220;z\u00ebrin e shtyp\u00ebsve&#8221;, i cili kryen krime kund\u00ebr palestinez\u00ebve. &#8220;Netanjahu, ju jeni mizor. Ju jeni kreu i terrorit t\u00eb shtetit, &#8220;tha Erdogan.<\/p>\n<p>Sulmi i Erdoganit ndaj kryeministrit izraelit u pasua nga disa zyrtar\u00eb t\u00eb lart\u00eb turq, duke p\u00ebrfshir\u00eb Ministrin e Jasht\u00ebm Mevlut \u00c7avusoglu. Ai e quajti Netanjahun nj\u00eb &#8220;vras\u00ebs me gjak ftoht\u00eb&#8221;, i cili \u00ebsht\u00eb p\u00ebrgjegj\u00ebs p\u00ebr &#8220;masakrat e palestinez\u00ebve t\u00eb pafajsh\u00ebm&#8221;. Z\u00ebdh\u00ebn\u00ebsi dhe kryekomandanti i Erdoganit, Ibrahim Kalin, gjithashtu k\u00ebrkoi q\u00eb Izraeli t\u00eb p\u00ebrfundoj\u00eb &#8220;okupimin e paligjsh\u00ebm t\u00eb palestinez\u00ebve&#8221;.Netanjahu u kund\u00ebrp\u00ebrgjigj duke e quajtur Erdoganin nj\u00eb &#8220;diktator antisemitik&#8221;, i cili \u00ebsht\u00eb &#8220;i fiksuar me Izraelin&#8221;.<\/p>\n<p><strong>Burim<\/strong>i: <span style=\"color: #0000ff;\"><a style=\"color: #0000ff;\" href=\"https:\/\/www.rt.com\/news\/447278-erdogan-netanyahu-trade-insults\/?fbclid=IwAR3W0Qm3nyCyQmiTBdjrYqvWLHFOL6wjGfy364ewvQ3I4lvU7BLfHtQ2noQ\">RT<\/a><\/span><\/p>\n<p><img loading=\"lazy\" decoding=\"async\" class=\"alignnone size-full wp-image-244073\" src=\"https:\/\/hashtag.al\/wp-content\/uploads\/2018\/10\/erdogan-1.jpg\" alt=\"\" width=\"863\" height=\"486\" srcset=\"https:\/\/www.hashtag.al\/wp-content\/uploads\/2018\/10\/erdogan-1.jpg 863w, https:\/\/www.hashtag.al\/wp-content\/uploads\/2018\/10\/erdogan-1-300x169.jpg 300w, https:\/\/www.hashtag.al\/wp-content\/uploads\/2018\/10\/erdogan-1-768x433.jpg 768w\" sizes=\"auto, (max-width: 863px) 100vw, 863px\" \/><\/p>\n<p>&nbsp;<\/p>\n<p>&nbsp;<\/p>\n<p>&nbsp;<\/p>\n<p>&nbsp;<\/p>\n","protected":false,"gt_translate_keys":[{"key":"rendered","format":"html"}]},"excerpt":{"rendered":"<p>Gjat\u00eb fundjav\u00ebs ka pasur p\u00ebrplasje t\u00eb ashpra mes presidentit t\u00eb Turqis\u00eb Rexhep Tayp Erdogan dhe kryeministrit izraelit Benjamin Netanjahu. T\u00eb dy kan\u00eb akuzuar nj\u00ebri-tjetrin p\u00ebr kryerjen e masakrave kund\u00ebr civil\u00ebve. Benjamin Netanyahu e quajti\u00a0 Erdoganin si nj\u00eb &#8220;pushtues t\u00eb Qipros veriore&#8221;, duke th\u00ebn\u00eb se ushtria turke &#8220;masakron grat\u00eb dhe f\u00ebmij\u00ebt n\u00eb fshatrat kurde&#8221;. Udh\u00ebheq\u00ebsi turk [&hellip;]<\/p>\n","protected":false,"gt_translate_keys":[{"key":"rendered","format":"html"}]},"author":30,"featured_media":260569,"comment_status":"open","ping_status":"open","sticky":false,"template":"","format":"standard","meta":{"footnotes":""},"categories":[6,13],"tags":[],"class_list":["post-260568","post","type-post","status-publish","format-standard","has-post-thumbnail","hentry","category-nderkombetare","category-te-fundit"],"gt_translate_keys":[{"key":"link","format":"url"}],"_links":{"self":[{"href":"https:\/\/www.hashtag.al\/index.php\/wp-json\/wp\/v2\/posts\/260568","targetHints":{"allow":["GET"]}}],"collection":[{"href":"https:\/\/www.hashtag.al\/index.php\/wp-json\/wp\/v2\/posts"}],"about":[{"href":"https:\/\/www.hashtag.al\/index.php\/wp-json\/wp\/v2\/types\/post"}],"author":[{"embeddable":true,"href":"https:\/\/www.hashtag.al\/index.php\/wp-json\/wp\/v2\/users\/30"}],"replies":[{"embeddable":true,"href":"https:\/\/www.hashtag.al\/index.php\/wp-json\/wp\/v2\/comments?post=260568"}],"version-history":[{"count":0,"href":"https:\/\/www.hashtag.al\/index.php\/wp-json\/wp\/v2\/posts\/260568\/revisions"}],"wp:featuredmedia":[{"embeddable":true,"href":"https:\/\/www.hashtag.al\/index.php\/wp-json\/wp\/v2\/media\/260569"}],"wp:attachment":[{"href":"https:\/\/www.hashtag.al\/index.php\/wp-json\/wp\/v2\/media?parent=260568"}],"wp:term":[{"taxonomy":"category","embeddable":true,"href":"https:\/\/www.hashtag.al\/index.php\/wp-json\/wp\/v2\/categories?post=260568"},{"taxonomy":"post_tag","embeddable":true,"href":"https:\/\/www.hashtag.al\/index.php\/wp-json\/wp\/v2\/tags?post=260568"}],"curies":[{"name":"wp","href":"https:\/\/api.w.org\/{rel}","templated":true}]}}