{"id":260321,"date":"2018-12-23T13:54:38","date_gmt":"2018-12-23T12:54:38","guid":{"rendered":"https:\/\/hashtag.al\/?p=260321"},"modified":"2018-12-23T14:03:01","modified_gmt":"2018-12-23T13:03:01","slug":"sulmi-ne-charlie-hebdo-deportohet-ne-france-nje-person","status":"publish","type":"post","link":"https:\/\/www.hashtag.al\/index.php\/2018\/12\/23\/sulmi-ne-charlie-hebdo-deportohet-ne-france-nje-person\/","title":{"rendered":"Sulmi n\u00eb Charlie Hebdo, deportohet n\u00eb Franc\u00eb nj\u00eb person","gt_translate_keys":[{"key":"rendered","format":"text"}]},"content":{"rendered":"<p><img loading=\"lazy\" decoding=\"async\" class=\"alignnone size-full wp-image-260322\" src=\"https:\/\/hashtag.al\/wp-content\/uploads\/2018\/12\/chalerie-hebdo.jpg\" alt=\"\" width=\"1023\" height=\"575\" srcset=\"https:\/\/www.hashtag.al\/wp-content\/uploads\/2018\/12\/chalerie-hebdo.jpg 1023w, https:\/\/www.hashtag.al\/wp-content\/uploads\/2018\/12\/chalerie-hebdo-300x169.jpg 300w, https:\/\/www.hashtag.al\/wp-content\/uploads\/2018\/12\/chalerie-hebdo-768x432.jpg 768w\" sizes=\"auto, (max-width: 1023px) 100vw, 1023px\" \/><\/p>\n<p><span style=\"color: #000000;\">N\u00eb lidhje me sulmin e r\u00ebnd\u00eb q\u00eb ndodhi n\u00eb revist\u00ebn satirike\u00a0Charlie Hebdo n\u00eb 2015 nj\u00eb person \u00ebsht\u00eb deportuar nga autorittet franceze.\u00a0<\/span><\/p>\n<p><span style=\"color: #000000;\">Zyra e Prokurorit n\u00eb Paris tha se Peter Cherif \u00ebsht\u00eb d\u00ebrguar p\u00ebr n\u00eb Franc\u00eb, pasi s\u00eb fundmi ishte arrestuar n\u00eb Xhibut. Ndaj tij jan\u00eb ngritur akuza lidhur me sulmin e vitit 2015.<\/span><\/p>\n<p><span style=\"color: #000000;\">Cherif besohet se ka qen\u00eb n\u00eb kontakt me dy v\u00ebllez\u00ebrit q\u00eb kan\u00eb kryer sulmin ndaj punonj\u00ebsve t\u00eb Charlie Hebdo.<\/span><\/p>\n<p><span style=\"color: #000000;\">Ministria e Mbrojtjes s\u00eb Franc\u00ebs tha se Cherif ka luajtur \u201crol t\u00eb r\u00ebnd\u00ebsish\u00ebm n\u00eb organizimin\u201d e sulmit ndaj Charlie Habdo, ku u vran\u00eb 12 persona. Cherif raportohet t\u00eb ket\u00eb udh\u00ebtuar n\u00eb Irak dhe Siri n\u00eb fillim t\u00eb viteve 2000 dhe ka qen\u00eb n\u00eb arrati nga autoritetet franceze q\u00eb prej vitit 2011.<\/span><\/p>\n","protected":false,"gt_translate_keys":[{"key":"rendered","format":"html"}]},"excerpt":{"rendered":"<p>N\u00eb lidhje me sulmin e r\u00ebnd\u00eb q\u00eb ndodhi n\u00eb revist\u00ebn satirike\u00a0Charlie Hebdo n\u00eb 2015 nj\u00eb person \u00ebsht\u00eb deportuar nga autorittet franceze.\u00a0 Zyra e Prokurorit n\u00eb Paris tha se Peter Cherif \u00ebsht\u00eb d\u00ebrguar p\u00ebr n\u00eb Franc\u00eb, pasi s\u00eb fundmi ishte arrestuar n\u00eb Xhibut. Ndaj tij jan\u00eb ngritur akuza lidhur me sulmin e vitit 2015. Cherif besohet [&hellip;]<\/p>\n","protected":false,"gt_translate_keys":[{"key":"rendered","format":"html"}]},"author":30,"featured_media":260322,"comment_status":"open","ping_status":"open","sticky":false,"template":"","format":"standard","meta":{"footnotes":""},"categories":[6,13],"tags":[],"class_list":["post-260321","post","type-post","status-publish","format-standard","has-post-thumbnail","hentry","category-nderkombetare","category-te-fundit"],"gt_translate_keys":[{"key":"link","format":"url"}],"_links":{"self":[{"href":"https:\/\/www.hashtag.al\/index.php\/wp-json\/wp\/v2\/posts\/260321","targetHints":{"allow":["GET"]}}],"collection":[{"href":"https:\/\/www.hashtag.al\/index.php\/wp-json\/wp\/v2\/posts"}],"about":[{"href":"https:\/\/www.hashtag.al\/index.php\/wp-json\/wp\/v2\/types\/post"}],"author":[{"embeddable":true,"href":"https:\/\/www.hashtag.al\/index.php\/wp-json\/wp\/v2\/users\/30"}],"replies":[{"embeddable":true,"href":"https:\/\/www.hashtag.al\/index.php\/wp-json\/wp\/v2\/comments?post=260321"}],"version-history":[{"count":0,"href":"https:\/\/www.hashtag.al\/index.php\/wp-json\/wp\/v2\/posts\/260321\/revisions"}],"wp:featuredmedia":[{"embeddable":true,"href":"https:\/\/www.hashtag.al\/index.php\/wp-json\/wp\/v2\/media\/260322"}],"wp:attachment":[{"href":"https:\/\/www.hashtag.al\/index.php\/wp-json\/wp\/v2\/media?parent=260321"}],"wp:term":[{"taxonomy":"category","embeddable":true,"href":"https:\/\/www.hashtag.al\/index.php\/wp-json\/wp\/v2\/categories?post=260321"},{"taxonomy":"post_tag","embeddable":true,"href":"https:\/\/www.hashtag.al\/index.php\/wp-json\/wp\/v2\/tags?post=260321"}],"curies":[{"name":"wp","href":"https:\/\/api.w.org\/{rel}","templated":true}]}}