{"id":260281,"date":"2018-12-23T11:59:16","date_gmt":"2018-12-23T10:59:16","guid":{"rendered":"https:\/\/hashtag.al\/?p=260281"},"modified":"2018-12-23T12:02:38","modified_gmt":"2018-12-23T11:02:38","slug":"gjobe-deri-ne-10-milione-leke-per-portalet-vokshi-rama-do-te-mbylle-mediat-kritike","status":"publish","type":"post","link":"https:\/\/www.hashtag.al\/index.php\/2018\/12\/23\/gjobe-deri-ne-10-milione-leke-per-portalet-vokshi-rama-do-te-mbylle-mediat-kritike\/","title":{"rendered":"&#8220;Gjob\u00eb deri n\u00eb 10 milion\u00eb lek\u00eb p\u00ebr portalet\u201d, Vokshi: Rama do t\u00eb mbyll\u00eb mediat kritike","gt_translate_keys":[{"key":"rendered","format":"text"}]},"content":{"rendered":"<p><img loading=\"lazy\" decoding=\"async\" class=\"alignnone size-full wp-image-254720\" src=\"https:\/\/hashtag.al\/wp-content\/uploads\/2018\/12\/vokshi.jpg\" alt=\"\" width=\"675\" height=\"450\" srcset=\"https:\/\/www.hashtag.al\/wp-content\/uploads\/2018\/12\/vokshi.jpg 675w, https:\/\/www.hashtag.al\/wp-content\/uploads\/2018\/12\/vokshi-300x200.jpg 300w\" sizes=\"auto, (max-width: 675px) 100vw, 675px\" \/><\/p>\n<p><span style=\"color: #000000;\">Deputetja e Partis\u00eb Demokratike Alban Vokshi ka reaguar p\u00ebr dy projektligjet e qeveris\u00eb n\u00eb lidhje me portalet.\u00a0 Sipas Vokshit ky \u00ebsht\u00eb plani i Edi Ram\u00ebs p\u00ebr t\u00eb p\u00ebr kufizimin e liris\u00eb s\u00eb medias n\u00eb Shqip\u00ebri. Ajo ka theksuar m\u00eb tej se Rama\u00a0do t\u00eb mbyll\u00eb mediat kritike.<\/span><\/p>\n<p><span style=\"color: #000000;\">&#8220;Dy projektligjet e qeveris\u00eb q\u00eb k\u00ebrc\u00ebnojn\u00eb me mbyllje dhe me gjoba milion\u00ebshe portalet online jan\u00eb plani i Edi Ram\u00ebs p\u00ebr kufizimin e liris\u00eb s\u00eb medias n\u00eb Shqip\u00ebri dhe kontrollin e plot\u00eb prej tij t\u00eb \u00e7do burimi informacioni n\u00eb vend.<\/span><\/p>\n<p><span style=\"color: #000000;\">Fuqizimi i portaleve dhe shnd\u00ebrrimi i tyre n\u00eb nj\u00eb mjet t\u00eb r\u00ebnd\u00ebsish\u00ebm p\u00ebr informimin e publikut n\u00eb m\u00ebnyr\u00eb t\u00eb pavarur nga qeveria, po i rrezikon Edi Ram\u00ebs investimin e tij m\u00eb t\u00eb madh 20 vje\u00e7ar n\u00eb politik\u00eb: propagand\u00ebn n\u00ebp\u00ebrmjet kontrollit t\u00eb medias kryesore tradicionale n\u00eb vend&#8221;, deklaron m\u00eb tej Vokshi.<\/span><\/p>\n<p><span style=\"color: #000000;\"><strong>Deklarata e plot\u00eb<\/strong><\/span><\/p>\n<p><span style=\"color: #000000;\">Dy projektligjet e qeveris\u00eb q\u00eb k\u00ebrc\u00ebnojn\u00eb me mbyllje dhe me gjoba milion\u00ebshe portalet online jan\u00eb plani i Edi Ram\u00ebs p\u00ebr kufizimin e liris\u00eb s\u00eb medias n\u00eb Shqip\u00ebri dhe kontrollin e plot\u00eb prej tij t\u00eb \u00e7do burimi informacioni n\u00eb vend.<\/span><\/p>\n<p><span style=\"color: #000000;\">Fuqizimi i portaleve dhe shnd\u00ebrrimi i tyre n\u00eb nj\u00eb mjet t\u00eb r\u00ebnd\u00ebsish\u00ebm p\u00ebr informimin e publikut n\u00eb m\u00ebnyr\u00eb t\u00eb pavarur nga qeveria, po i rrezikon Edi Ram\u00ebs investimin e tij m\u00eb t\u00eb madh 20 vje\u00e7ar n\u00eb politik\u00eb: propagand\u00ebn n\u00ebp\u00ebrmjet kontrollit t\u00eb medias kryesore tradicionale n\u00eb vend.<\/span><\/p>\n<p><span style=\"color: #000000;\">Me ndryshimet e propozuara, arkitekti i shpifjes dhe i mashtrimit, Edi Rama, ka urdh\u00ebruar nd\u00ebrhyrjen n\u00eb Ligjin p\u00ebr Komunikimet Elektronike dhe n\u00eb Ligjin p\u00ebr Median Audiovizive n\u00eb m\u00ebnyr\u00eb q\u00eb t\u00eb kontrolloj\u00eb, gjobis\u00eb apo\u00a0 t\u00eb mbyll\u00eb portalet kritike, ato q\u00eb i zbulojn\u00eb aferat korruptive dhe lidhjet me bandat kriminale.<\/span><\/p>\n<p><span style=\"color: #000000;\">Sipas gjuh\u00ebs q\u00eb Edi Rama p\u00ebrdor n\u00eb projektligj \u201ck\u00ebto portale lajmesh nxisin vepra penale apo nuk jan\u00eb n\u00eb perputhje me moralin pubik\u201d. P\u00ebr k\u00ebt\u00eb arsye duhen gjobitur deri n\u00eb 10 milion\u00eb lek\u00eb ose duhen mbyllur p\u00ebrkoh\u00ebsisht apo p\u00ebrgjithmon\u00eb.<\/span><\/p>\n<p><span style=\"color: #000000;\">Ndryshimet e propozuara, detyrojn\u00eb t\u00eb gjitha portalet e informimin t\u00eb rregjstrohen pran\u00eb AKEP-it,\u00a0 nj\u00eb agjensi e kontrolluar nga qeveria,\u00a0 pavar\u00ebsisht se mund t\u00eb jen\u00eb t\u00eb rregjistruar n\u00eb baz\u00eb t\u00eb legjislacionit n\u00eb fuqi, diku tjet\u00ebr brenda apo jasht\u00eb Shqiperis\u00eb. N\u00ebp\u00ebrmjet shtimit t\u00eb funksioneve t\u00eb AMA dhe AKEP, Rama po k\u00ebrkon q\u00eb, ato t\u00eb shnd\u00ebrrohen n\u00eb institucionet q\u00eb p\u00ebrgjojn\u00eb, gjobitin gazetar\u00ebt dhe mbyllin mediat kritike online.<\/span><\/p>\n<p>&nbsp;<\/p>\n","protected":false,"gt_translate_keys":[{"key":"rendered","format":"html"}]},"excerpt":{"rendered":"<p>Deputetja e Partis\u00eb Demokratike Alban Vokshi ka reaguar p\u00ebr dy projektligjet e qeveris\u00eb n\u00eb lidhje me portalet.\u00a0 Sipas Vokshit ky \u00ebsht\u00eb plani i Edi Ram\u00ebs p\u00ebr t\u00eb p\u00ebr kufizimin e liris\u00eb s\u00eb medias n\u00eb Shqip\u00ebri. Ajo ka theksuar m\u00eb tej se Rama\u00a0do t\u00eb mbyll\u00eb mediat kritike. &#8220;Dy projektligjet e qeveris\u00eb q\u00eb k\u00ebrc\u00ebnojn\u00eb me mbyllje dhe [&hellip;]<\/p>\n","protected":false,"gt_translate_keys":[{"key":"rendered","format":"html"}]},"author":30,"featured_media":254720,"comment_status":"open","ping_status":"open","sticky":false,"template":"","format":"standard","meta":{"footnotes":""},"categories":[65,13],"tags":[],"class_list":["post-260281","post","type-post","status-publish","format-standard","has-post-thumbnail","hentry","category-lajme","category-te-fundit"],"gt_translate_keys":[{"key":"link","format":"url"}],"_links":{"self":[{"href":"https:\/\/www.hashtag.al\/index.php\/wp-json\/wp\/v2\/posts\/260281","targetHints":{"allow":["GET"]}}],"collection":[{"href":"https:\/\/www.hashtag.al\/index.php\/wp-json\/wp\/v2\/posts"}],"about":[{"href":"https:\/\/www.hashtag.al\/index.php\/wp-json\/wp\/v2\/types\/post"}],"author":[{"embeddable":true,"href":"https:\/\/www.hashtag.al\/index.php\/wp-json\/wp\/v2\/users\/30"}],"replies":[{"embeddable":true,"href":"https:\/\/www.hashtag.al\/index.php\/wp-json\/wp\/v2\/comments?post=260281"}],"version-history":[{"count":0,"href":"https:\/\/www.hashtag.al\/index.php\/wp-json\/wp\/v2\/posts\/260281\/revisions"}],"wp:featuredmedia":[{"embeddable":true,"href":"https:\/\/www.hashtag.al\/index.php\/wp-json\/wp\/v2\/media\/254720"}],"wp:attachment":[{"href":"https:\/\/www.hashtag.al\/index.php\/wp-json\/wp\/v2\/media?parent=260281"}],"wp:term":[{"taxonomy":"category","embeddable":true,"href":"https:\/\/www.hashtag.al\/index.php\/wp-json\/wp\/v2\/categories?post=260281"},{"taxonomy":"post_tag","embeddable":true,"href":"https:\/\/www.hashtag.al\/index.php\/wp-json\/wp\/v2\/tags?post=260281"}],"curies":[{"name":"wp","href":"https:\/\/api.w.org\/{rel}","templated":true}]}}