{"id":260187,"date":"2018-12-22T20:23:00","date_gmt":"2018-12-22T19:23:00","guid":{"rendered":"https:\/\/hashtag.al\/?p=260187"},"modified":"2018-12-22T20:26:20","modified_gmt":"2018-12-22T19:26:20","slug":"zgjedhjet-per-bashkine-e-tiranes-tabaku-sqaron-nese-do-kandidoje","status":"publish","type":"post","link":"https:\/\/www.hashtag.al\/index.php\/2018\/12\/22\/zgjedhjet-per-bashkine-e-tiranes-tabaku-sqaron-nese-do-kandidoje\/","title":{"rendered":"Zgjedhjet p\u00ebr Bashkin\u00eb e Tiran\u00ebs, Tabaku sqaron n\u00ebse do kandidoj\u00eb","gt_translate_keys":[{"key":"rendered","format":"text"}]},"content":{"rendered":"<p><img loading=\"lazy\" decoding=\"async\" class=\"aligncenter size-full wp-image-260188\" src=\"https:\/\/hashtag.al\/wp-content\/uploads\/2018\/12\/tabaku1.png\" alt=\"\" width=\"877\" height=\"429\" srcset=\"https:\/\/www.hashtag.al\/wp-content\/uploads\/2018\/12\/tabaku1.png 877w, https:\/\/www.hashtag.al\/wp-content\/uploads\/2018\/12\/tabaku1-300x147.png 300w, https:\/\/www.hashtag.al\/wp-content\/uploads\/2018\/12\/tabaku1-768x376.png 768w\" sizes=\"auto, (max-width: 877px) 100vw, 877px\" \/><\/p>\n<p><span style=\"color: #000000;\">Deputetja e Partis\u00eb Demokratike, Jorida Tabaku ka sqaruar z\u00ebrat lidhur me kandidimin e mundsh\u00ebm, t\u00eb saj p\u00ebr Bashkin\u00eb e Tiran\u00ebs. <\/span><\/p>\n<p><span style=\"color: #000000;\">Ajo ishte e ftuar n\u00eb emisionin \u201cKjo Jav\u00eb\u201d n\u00eb News24 ku deklaroi se forca politike ku b\u00ebn pjes\u00eb do t\u00eb ofroj\u00eb kandidatur\u00ebn m\u00eb t\u00eb mir\u00eb p\u00ebr sa i p\u00ebrket gar\u00ebs elektorale t\u00eb ver\u00ebs q\u00eb vjen.<\/span><\/p>\n<p><span style=\"color: #000000;\"><em>\u201cJan\u00eb p\u00ebrfolur shum\u00eb emra p\u00ebr Bashkin\u00eb e Tiran\u00ebs, sigurisht q\u00eb ndjej k\u00ebnaq\u00ebsi dhe vler\u00ebsim por nuk besoj q\u00eb do t\u00eb jet\u00eb ky rasti. PD ka hapur nj\u00eb proces p\u00ebr kandidimin\u00a0 p\u00ebr Bashkin\u00eb e Tiran\u00ebs ku jan\u00eb duke u d\u00ebgjuar strukturat ku do t\u00eb ket\u00eb konsultime me shum\u00eb pal\u00eb. Ajo q\u00eb dua t\u00eb them \u00ebsht\u00eb q\u00eb kushdo q\u00eb do t\u00eb kandidoj\u00eb p\u00ebr bashkin\u00eb e Tiran\u00ebs mua do t\u00eb m\u00eb ket\u00eb n\u00eb krah p\u00ebr ti b\u00ebr\u00eb opozit\u00eb Erion Veliajt, p\u00ebr ta detyruar q\u00eb t\u00eb largohet nga ajo karrige dhe p\u00ebr t\u2019i ofruar qytetit nj\u00eb model politikani ashtu si\u00e7 e meriton Tirana.\u201d<\/em> &#8211; tha Tabaku.<\/span><\/p>\n<p><span style=\"color: #000000;\">Ajo theksoi se Tirana meriton nj\u00eb kryetar bashkie t\u00eb denj\u00eb q\u00eb \u00ebsht\u00eb n\u00eb sh\u00ebrbim t\u00eb qytetar\u00ebve dhe q\u00eb nuk i n\u00ebp\u00ebrk\u00ebmb ata.<\/span><\/p>\n<p><span style=\"color: #000000;\"><em>\u201cPD do t\u00eb ofroj\u00eb nj\u00eb kandidatur\u00eb shum\u00eb her\u00eb m\u00eb t\u00eb mir\u00eb se ajo q\u00eb ofron sot Bashkia e Tiran\u00ebs dhe e p\u00ebrs\u00ebris kushdo t\u00eb jet\u00eb kandidatura un\u00eb do t\u00eb jem n\u00eb krah, ashtu si\u00e7 isha me Halim Kosov\u00ebn p\u00ebr t\u00eb b\u00ebr\u00eb opozit\u00ebn m\u00eb t\u00eb mir\u00eb t\u00eb mundshme dhe p\u00ebr ti ofruar qytetar\u00ebve t\u00eb Tiran\u00ebs, dik\u00eb q\u00eb i respekton ata dhe pronat e tyre dhe nuk i n\u00ebp\u00ebrk\u00ebmb.\u201d<\/em> &#8211; shtoi ajo.<\/span><\/p>\n<p><img loading=\"lazy\" decoding=\"async\" class=\"aligncenter size-full wp-image-260190\" src=\"https:\/\/hashtag.al\/wp-content\/uploads\/2018\/12\/tabaku-2.png\" alt=\"\" width=\"881\" height=\"457\" srcset=\"https:\/\/www.hashtag.al\/wp-content\/uploads\/2018\/12\/tabaku-2.png 881w, https:\/\/www.hashtag.al\/wp-content\/uploads\/2018\/12\/tabaku-2-300x156.png 300w, https:\/\/www.hashtag.al\/wp-content\/uploads\/2018\/12\/tabaku-2-768x398.png 768w\" sizes=\"auto, (max-width: 881px) 100vw, 881px\" \/><\/p>\n","protected":false,"gt_translate_keys":[{"key":"rendered","format":"html"}]},"excerpt":{"rendered":"<p>Deputetja e Partis\u00eb Demokratike, Jorida Tabaku ka sqaruar z\u00ebrat lidhur me kandidimin e mundsh\u00ebm, t\u00eb saj p\u00ebr Bashkin\u00eb e Tiran\u00ebs. Ajo ishte e ftuar n\u00eb emisionin \u201cKjo Jav\u00eb\u201d n\u00eb News24 ku deklaroi se forca politike ku b\u00ebn pjes\u00eb do t\u00eb ofroj\u00eb kandidatur\u00ebn m\u00eb t\u00eb mir\u00eb p\u00ebr sa i p\u00ebrket gar\u00ebs elektorale t\u00eb ver\u00ebs q\u00eb vjen. [&hellip;]<\/p>\n","protected":false,"gt_translate_keys":[{"key":"rendered","format":"html"}]},"author":51,"featured_media":260189,"comment_status":"open","ping_status":"open","sticky":false,"template":"","format":"standard","meta":{"footnotes":""},"categories":[65,13],"tags":[],"class_list":["post-260187","post","type-post","status-publish","format-standard","has-post-thumbnail","hentry","category-lajme","category-te-fundit"],"gt_translate_keys":[{"key":"link","format":"url"}],"_links":{"self":[{"href":"https:\/\/www.hashtag.al\/index.php\/wp-json\/wp\/v2\/posts\/260187","targetHints":{"allow":["GET"]}}],"collection":[{"href":"https:\/\/www.hashtag.al\/index.php\/wp-json\/wp\/v2\/posts"}],"about":[{"href":"https:\/\/www.hashtag.al\/index.php\/wp-json\/wp\/v2\/types\/post"}],"author":[{"embeddable":true,"href":"https:\/\/www.hashtag.al\/index.php\/wp-json\/wp\/v2\/users\/51"}],"replies":[{"embeddable":true,"href":"https:\/\/www.hashtag.al\/index.php\/wp-json\/wp\/v2\/comments?post=260187"}],"version-history":[{"count":0,"href":"https:\/\/www.hashtag.al\/index.php\/wp-json\/wp\/v2\/posts\/260187\/revisions"}],"wp:featuredmedia":[{"embeddable":true,"href":"https:\/\/www.hashtag.al\/index.php\/wp-json\/wp\/v2\/media\/260189"}],"wp:attachment":[{"href":"https:\/\/www.hashtag.al\/index.php\/wp-json\/wp\/v2\/media?parent=260187"}],"wp:term":[{"taxonomy":"category","embeddable":true,"href":"https:\/\/www.hashtag.al\/index.php\/wp-json\/wp\/v2\/categories?post=260187"},{"taxonomy":"post_tag","embeddable":true,"href":"https:\/\/www.hashtag.al\/index.php\/wp-json\/wp\/v2\/tags?post=260187"}],"curies":[{"name":"wp","href":"https:\/\/api.w.org\/{rel}","templated":true}]}}