{"id":259945,"date":"2018-12-21T18:16:52","date_gmt":"2018-12-21T17:16:52","guid":{"rendered":"https:\/\/hashtag.al\/?p=259945"},"modified":"2018-12-21T18:39:30","modified_gmt":"2018-12-21T17:39:30","slug":"si-e-miratuan-socialistet-ne-10-te-darkes-ne-fshehtesi-dhe-duke-shkelur-rregullat-ligjin-qe-favorizon-te-pasurit","status":"publish","type":"post","link":"https:\/\/www.hashtag.al\/index.php\/2018\/12\/21\/si-e-miratuan-socialistet-ne-10-te-darkes-ne-fshehtesi-dhe-duke-shkelur-rregullat-ligjin-qe-favorizon-te-pasurit\/","title":{"rendered":"Si e miratuan socialist\u00ebt n\u00eb 10 t\u00eb dark\u00ebs, n\u00eb fsheht\u00ebsi dhe duke shkelur rregullat, ligjin q\u00eb favorizon t\u00eb pasurit","gt_translate_keys":[{"key":"rendered","format":"text"}]},"content":{"rendered":"<p><img loading=\"lazy\" decoding=\"async\" class=\"aligncenter size-full wp-image-259946\" src=\"https:\/\/hashtag.al\/wp-content\/uploads\/2018\/12\/rama21dhjetor.jpg\" alt=\"\" width=\"1280\" height=\"853\" srcset=\"https:\/\/www.hashtag.al\/wp-content\/uploads\/2018\/12\/rama21dhjetor.jpg 1280w, https:\/\/www.hashtag.al\/wp-content\/uploads\/2018\/12\/rama21dhjetor-300x200.jpg 300w, https:\/\/www.hashtag.al\/wp-content\/uploads\/2018\/12\/rama21dhjetor-768x512.jpg 768w, https:\/\/www.hashtag.al\/wp-content\/uploads\/2018\/12\/rama21dhjetor-1024x682.jpg 1024w\" sizes=\"auto, (max-width: 1280px) 100vw, 1280px\" \/><\/p>\n<p><span style=\"color: #000000;\">Dit\u00ebn e djeshme, shumica ka votuar n\u00eb parlament uljen e tatimit t\u00eb dividentit p\u00ebr m\u00eb t\u00eb pasurit n\u00eb vend duke e \u00e7uar at\u00eb nga 15% q\u00eb ishte deri tani n\u00eb vet\u00ebm 8%. <\/span><\/p>\n<p><span style=\"color: #000000;\">Kjo ulje nuk vlen vet\u00ebm p\u00ebr vitet q\u00eb do vijn\u00eb por edhe vitet e shkuara duke b\u00ebr\u00eb k\u00ebsisoj shfuqizimin me efekt prapaveprues t\u00eb k\u00ebsaj takse duke thelluar pabarazin\u00eb sociale n\u00eb vend. <\/span><\/p>\n<p><span style=\"color: #000000;\">Dit\u00ebn e djeshme, presidenti Meta e ktheu mbrapsht ligjin duke theksuar shkeljen e tij kushtetuese. Pas kthimit t\u00eb ligjit nga ana e kreut t\u00eb shtetit, <\/span><\/p>\n<p><span style=\"color: #000000;\">Komisioni i Ekonomis\u00eb duhet t\u00eb hartoj\u00eb nj\u00eb raport 48 or\u00eb p\u00ebrpara se ligji t\u00eb rishqyrtohet n\u00eb seanc\u00ebn parlamentare dhe komisioni e ka detyrim q\u00eb t\u00eb th\u00ebrras\u00eb n\u00eb seanc\u00eb d\u00ebgjimore edhe p\u00ebrfaq\u00ebsuesit e presidentit Meta, q\u00eb kan\u00eb kund\u00ebrshtuar k\u00ebt\u00eb ligj. Nd\u00ebrkoh\u00eb q\u00eb kjo gj\u00eb nuk ka ndodhur. <\/span><\/p>\n<p><span style=\"color: #000000;\">Po mbr\u00ebm\u00eb, shumica e mblodhi komisionin pa pranin\u00eb e deputet\u00ebve t\u00eb opozit\u00ebs dhe pa jurist\u00ebt e Met\u00ebs duke shkelur \u00e7do procedur\u00eb dhe \u00e7do ligj. M\u00eb pas ata e depozituan ligjin n\u00eb sekretarin\u00eb e Kuvendit n\u00eb or\u00ebn 20:00 dhe m\u00eb pas e miratuan at\u00eb n\u00eb oren 22:00.<\/span><\/p>\n<p><img loading=\"lazy\" decoding=\"async\" class=\"aligncenter size-full wp-image-259947\" src=\"https:\/\/hashtag.al\/wp-content\/uploads\/2018\/12\/Petrit-Vasili-Kuvend-1.jpg\" alt=\"\" width=\"680\" height=\"453\" srcset=\"https:\/\/www.hashtag.al\/wp-content\/uploads\/2018\/12\/Petrit-Vasili-Kuvend-1.jpg 680w, https:\/\/www.hashtag.al\/wp-content\/uploads\/2018\/12\/Petrit-Vasili-Kuvend-1-300x200.jpg 300w\" sizes=\"auto, (max-width: 680px) 100vw, 680px\" \/><\/p>\n","protected":false,"gt_translate_keys":[{"key":"rendered","format":"html"}]},"excerpt":{"rendered":"<p>Dit\u00ebn e djeshme, shumica ka votuar n\u00eb parlament uljen e tatimit t\u00eb dividentit p\u00ebr m\u00eb t\u00eb pasurit n\u00eb vend duke e \u00e7uar at\u00eb nga 15% q\u00eb ishte deri tani n\u00eb vet\u00ebm 8%. Kjo ulje nuk vlen vet\u00ebm p\u00ebr vitet q\u00eb do vijn\u00eb por edhe vitet e shkuara duke b\u00ebr\u00eb k\u00ebsisoj shfuqizimin me efekt prapaveprues t\u00eb [&hellip;]<\/p>\n","protected":false,"gt_translate_keys":[{"key":"rendered","format":"html"}]},"author":51,"featured_media":259948,"comment_status":"open","ping_status":"open","sticky":false,"template":"","format":"standard","meta":{"footnotes":""},"categories":[65,13],"tags":[],"class_list":["post-259945","post","type-post","status-publish","format-standard","has-post-thumbnail","hentry","category-lajme","category-te-fundit"],"gt_translate_keys":[{"key":"link","format":"url"}],"_links":{"self":[{"href":"https:\/\/www.hashtag.al\/index.php\/wp-json\/wp\/v2\/posts\/259945","targetHints":{"allow":["GET"]}}],"collection":[{"href":"https:\/\/www.hashtag.al\/index.php\/wp-json\/wp\/v2\/posts"}],"about":[{"href":"https:\/\/www.hashtag.al\/index.php\/wp-json\/wp\/v2\/types\/post"}],"author":[{"embeddable":true,"href":"https:\/\/www.hashtag.al\/index.php\/wp-json\/wp\/v2\/users\/51"}],"replies":[{"embeddable":true,"href":"https:\/\/www.hashtag.al\/index.php\/wp-json\/wp\/v2\/comments?post=259945"}],"version-history":[{"count":0,"href":"https:\/\/www.hashtag.al\/index.php\/wp-json\/wp\/v2\/posts\/259945\/revisions"}],"wp:featuredmedia":[{"embeddable":true,"href":"https:\/\/www.hashtag.al\/index.php\/wp-json\/wp\/v2\/media\/259948"}],"wp:attachment":[{"href":"https:\/\/www.hashtag.al\/index.php\/wp-json\/wp\/v2\/media?parent=259945"}],"wp:term":[{"taxonomy":"category","embeddable":true,"href":"https:\/\/www.hashtag.al\/index.php\/wp-json\/wp\/v2\/categories?post=259945"},{"taxonomy":"post_tag","embeddable":true,"href":"https:\/\/www.hashtag.al\/index.php\/wp-json\/wp\/v2\/tags?post=259945"}],"curies":[{"name":"wp","href":"https:\/\/api.w.org\/{rel}","templated":true}]}}