{"id":259786,"date":"2018-12-20T20:53:58","date_gmt":"2018-12-20T19:53:58","guid":{"rendered":"https:\/\/hashtag.al\/?p=259786"},"modified":"2018-12-20T20:56:30","modified_gmt":"2018-12-20T19:56:30","slug":"shehi-rama-i-vetmi-kryeminister-qe-brenda-mandatit-pranon-se-reforma-qe-mburri-i-ka-deshtuar-video","status":"publish","type":"post","link":"https:\/\/www.hashtag.al\/index.php\/2018\/12\/20\/shehi-rama-i-vetmi-kryeminister-qe-brenda-mandatit-pranon-se-reforma-qe-mburri-i-ka-deshtuar-video\/","title":{"rendered":"Shehi: Rama i vetmi kryeminist\u00ebr q\u00eb brenda mandatit pranon se reforma q\u00eb mburri i ka d\u00ebshtuar (Video)","gt_translate_keys":[{"key":"rendered","format":"text"}]},"content":{"rendered":"<p><img loading=\"lazy\" decoding=\"async\" class=\"aligncenter size-full wp-image-259787\" src=\"https:\/\/hashtag.al\/wp-content\/uploads\/2018\/12\/dashshehi.jpg\" alt=\"\" width=\"748\" height=\"418\" srcset=\"https:\/\/www.hashtag.al\/wp-content\/uploads\/2018\/12\/dashshehi.jpg 748w, https:\/\/www.hashtag.al\/wp-content\/uploads\/2018\/12\/dashshehi-300x168.jpg 300w\" sizes=\"auto, (max-width: 748px) 100vw, 748px\" \/><\/p>\n<p>\u201cEdi Rama \u00ebsht\u00eb i vetmi kryeminist\u00ebr n\u00eb bot\u00eb i cili brenda mandatit pranon se reforma p\u00ebr t\u00eb cil\u00ebn \u00ebsht\u00eb mburrur, ka d\u00ebshtuar\u201d- deklaroi Dashamir Shehi nga foltorja e Kuvendit.<\/p>\n<p>M\u00eb tej Shehi ka deklaruar se nga kjo protest\u00eb u vu n\u00eb dukje se k\u00ebtu ka akoma probleme me lirin\u00eb.<\/p>\n<p>\u201cL\u00ebvizja e Student\u00ebve kujtoi dy gj\u00ebra, e para q\u00eb disa t\u00eb rinj dalin dhe na kujtojn\u00eb se k\u00ebtu ka akoma probleme me lirin\u00eb, dhe e dyta q\u00eb sistemi merr uj\u00eb nga t\u00eb dyja an\u00ebt\u201d- vazhdoi Shehi.<\/p>\n<p><iframe loading=\"lazy\" style=\"border: none; overflow: hidden;\" src=\"https:\/\/www.facebook.com\/plugins\/video.php?href=https%3A%2F%2Fwww.facebook.com%2Fpartiademokratike%2Fvideos%2F224556048436108%2F&amp;show_text=0&amp;width=560\" width=\"560\" height=\"315\" frameborder=\"0\" scrolling=\"no\" allowfullscreen=\"allowfullscreen\"><\/iframe><\/p>\n","protected":false,"gt_translate_keys":[{"key":"rendered","format":"html"}]},"excerpt":{"rendered":"<p>\u201cEdi Rama \u00ebsht\u00eb i vetmi kryeminist\u00ebr n\u00eb bot\u00eb i cili brenda mandatit pranon se reforma p\u00ebr t\u00eb cil\u00ebn \u00ebsht\u00eb mburrur, ka d\u00ebshtuar\u201d- deklaroi Dashamir Shehi nga foltorja e Kuvendit. M\u00eb tej Shehi ka deklaruar se nga kjo protest\u00eb u vu n\u00eb dukje se k\u00ebtu ka akoma probleme me lirin\u00eb. \u201cL\u00ebvizja e Student\u00ebve kujtoi dy gj\u00ebra, [&hellip;]<\/p>\n","protected":false,"gt_translate_keys":[{"key":"rendered","format":"html"}]},"author":32,"featured_media":259787,"comment_status":"open","ping_status":"open","sticky":false,"template":"","format":"standard","meta":{"footnotes":""},"categories":[65,13],"tags":[],"class_list":["post-259786","post","type-post","status-publish","format-standard","has-post-thumbnail","hentry","category-lajme","category-te-fundit"],"gt_translate_keys":[{"key":"link","format":"url"}],"_links":{"self":[{"href":"https:\/\/www.hashtag.al\/index.php\/wp-json\/wp\/v2\/posts\/259786","targetHints":{"allow":["GET"]}}],"collection":[{"href":"https:\/\/www.hashtag.al\/index.php\/wp-json\/wp\/v2\/posts"}],"about":[{"href":"https:\/\/www.hashtag.al\/index.php\/wp-json\/wp\/v2\/types\/post"}],"author":[{"embeddable":true,"href":"https:\/\/www.hashtag.al\/index.php\/wp-json\/wp\/v2\/users\/32"}],"replies":[{"embeddable":true,"href":"https:\/\/www.hashtag.al\/index.php\/wp-json\/wp\/v2\/comments?post=259786"}],"version-history":[{"count":0,"href":"https:\/\/www.hashtag.al\/index.php\/wp-json\/wp\/v2\/posts\/259786\/revisions"}],"wp:featuredmedia":[{"embeddable":true,"href":"https:\/\/www.hashtag.al\/index.php\/wp-json\/wp\/v2\/media\/259787"}],"wp:attachment":[{"href":"https:\/\/www.hashtag.al\/index.php\/wp-json\/wp\/v2\/media?parent=259786"}],"wp:term":[{"taxonomy":"category","embeddable":true,"href":"https:\/\/www.hashtag.al\/index.php\/wp-json\/wp\/v2\/categories?post=259786"},{"taxonomy":"post_tag","embeddable":true,"href":"https:\/\/www.hashtag.al\/index.php\/wp-json\/wp\/v2\/tags?post=259786"}],"curies":[{"name":"wp","href":"https:\/\/api.w.org\/{rel}","templated":true}]}}