{"id":259767,"date":"2018-12-20T19:13:08","date_gmt":"2018-12-20T18:13:08","guid":{"rendered":"https:\/\/hashtag.al\/?p=259767"},"modified":"2018-12-20T19:24:44","modified_gmt":"2018-12-20T18:24:44","slug":"berisha-pyet-nikollen-si-e-ndertove-vilen-brenda-dy-viteve-harxhove-15-milione-euro-per-godinen-e-ministrise","status":"publish","type":"post","link":"https:\/\/www.hashtag.al\/index.php\/2018\/12\/20\/berisha-pyet-nikollen-si-e-ndertove-vilen-brenda-dy-viteve-harxhove-15-milione-euro-per-godinen-e-ministrise\/","title":{"rendered":"Berisha pyet Nikoll\u00ebn: Si e nd\u00ebrtove vil\u00ebn brenda dy viteve, harxhove 15 milion\u00eb euro p\u00ebr godin\u00ebn e ministris\u00eb","gt_translate_keys":[{"key":"rendered","format":"text"}]},"content":{"rendered":"<p><img loading=\"lazy\" decoding=\"async\" class=\"aligncenter size-full wp-image-156928\" src=\"https:\/\/hashtag.al\/wp-content\/uploads\/2018\/02\/saliberishakuvend-e1518089736787.jpg\" alt=\"\" width=\"499\" height=\"370\" \/><\/p>\n<p>Ish-kryeministri Sali Berisha gjat\u00eb fjal\u00ebs s\u00eb tij n\u00eb seanc\u00ebn plenare n\u00eb Kuvend ka folur p\u00ebr parat\u00eb e munguara n\u00eb arsim q\u00eb sipas tij kan\u00eb shkuar p\u00ebr rikonstruksionin e godin\u00ebs s\u00eb ministris\u00eb dhe p\u00ebr nd\u00ebrtimin e vilave.<\/p>\n<p>Berisha ka ka pyetur Ministren e Arsimit Lindita Nikolla se si e ka nd\u00ebrtuar vil\u00ebn e saj brenda dy viteve.<\/p>\n<p><em>&#8220;Si e nd\u00ebrtove vil\u00ebn brenda dy viteve si ministre. 15 milion\u00eb euro p\u00ebr rikonstruksionin e godin\u00ebs, p\u00ebr kolltuqe dhe tualete. Thuaju student\u00ebve pse bllokove p\u00ebr 3 vite me radh\u00eb masterat dhe i \u00e7ove ne universitetet private<\/em>&#8220;-deklaroi Berisha<\/p>\n<p>Berisha m\u00eb tej ka shigjetuar edhe Kryeministrin i cili dit\u00ebn e djeshme \u00ebsht\u00eb ven\u00eb n\u00eb v\u00ebshtir\u00ebsi edhe nga student\u00ebt e Universitetit t\u00eb Vlor\u00ebs t\u00eb cil\u00ebt e pyet\u00ebn se si e ka nd\u00ebrtuar vil\u00ebn e tij n\u00eb Surrel t\u00eb Tiran\u00ebs.<\/p>\n<p>Berisha n\u00ebp\u00ebrmjet shifrave lexoi deklarimet e pasuris\u00eb s\u00eb Kryeministrit Rama n\u00eb ILDKPI gjat\u00eb viteve q\u00eb ka sh\u00ebrbyer si kryetar bashkie si edhe si kryeminist\u00ebr.<\/p>\n","protected":false,"gt_translate_keys":[{"key":"rendered","format":"html"}]},"excerpt":{"rendered":"<p>Ish-kryeministri Sali Berisha gjat\u00eb fjal\u00ebs s\u00eb tij n\u00eb seanc\u00ebn plenare n\u00eb Kuvend ka folur p\u00ebr parat\u00eb e munguara n\u00eb arsim q\u00eb sipas tij kan\u00eb shkuar p\u00ebr rikonstruksionin e godin\u00ebs s\u00eb ministris\u00eb dhe p\u00ebr nd\u00ebrtimin e vilave. Berisha ka ka pyetur Ministren e Arsimit Lindita Nikolla se si e ka nd\u00ebrtuar vil\u00ebn e saj brenda dy [&hellip;]<\/p>\n","protected":false,"gt_translate_keys":[{"key":"rendered","format":"html"}]},"author":32,"featured_media":156928,"comment_status":"open","ping_status":"open","sticky":false,"template":"","format":"standard","meta":{"footnotes":""},"categories":[65,13],"tags":[],"class_list":["post-259767","post","type-post","status-publish","format-standard","has-post-thumbnail","hentry","category-lajme","category-te-fundit"],"gt_translate_keys":[{"key":"link","format":"url"}],"_links":{"self":[{"href":"https:\/\/www.hashtag.al\/index.php\/wp-json\/wp\/v2\/posts\/259767","targetHints":{"allow":["GET"]}}],"collection":[{"href":"https:\/\/www.hashtag.al\/index.php\/wp-json\/wp\/v2\/posts"}],"about":[{"href":"https:\/\/www.hashtag.al\/index.php\/wp-json\/wp\/v2\/types\/post"}],"author":[{"embeddable":true,"href":"https:\/\/www.hashtag.al\/index.php\/wp-json\/wp\/v2\/users\/32"}],"replies":[{"embeddable":true,"href":"https:\/\/www.hashtag.al\/index.php\/wp-json\/wp\/v2\/comments?post=259767"}],"version-history":[{"count":0,"href":"https:\/\/www.hashtag.al\/index.php\/wp-json\/wp\/v2\/posts\/259767\/revisions"}],"wp:featuredmedia":[{"embeddable":true,"href":"https:\/\/www.hashtag.al\/index.php\/wp-json\/"}],"wp:attachment":[{"href":"https:\/\/www.hashtag.al\/index.php\/wp-json\/wp\/v2\/media?parent=259767"}],"wp:term":[{"taxonomy":"category","embeddable":true,"href":"https:\/\/www.hashtag.al\/index.php\/wp-json\/wp\/v2\/categories?post=259767"},{"taxonomy":"post_tag","embeddable":true,"href":"https:\/\/www.hashtag.al\/index.php\/wp-json\/wp\/v2\/tags?post=259767"}],"curies":[{"name":"wp","href":"https:\/\/api.w.org\/{rel}","templated":true}]}}