{"id":259757,"date":"2018-12-20T18:21:03","date_gmt":"2018-12-20T17:21:03","guid":{"rendered":"https:\/\/hashtag.al\/?p=259757"},"modified":"2018-12-20T18:23:35","modified_gmt":"2018-12-20T17:23:35","slug":"si-e-beri-per-uje-te-ftohte-studentja-e-arkitektures-ramen","status":"publish","type":"post","link":"https:\/\/www.hashtag.al\/index.php\/2018\/12\/20\/si-e-beri-per-uje-te-ftohte-studentja-e-arkitektures-ramen\/","title":{"rendered":"Si e b\u00ebri &#8220;p\u00ebr uj\u00eb t\u00eb ftoht\u00eb&#8221; studentja e Arkitektur\u00ebs, Ram\u00ebn","gt_translate_keys":[{"key":"rendered","format":"text"}]},"content":{"rendered":"<p><img loading=\"lazy\" decoding=\"async\" class=\"aligncenter size-full wp-image-259758\" src=\"https:\/\/hashtag.al\/wp-content\/uploads\/2018\/12\/studentjarama.jpg\" alt=\"\" width=\"2000\" height=\"1000\" srcset=\"https:\/\/www.hashtag.al\/wp-content\/uploads\/2018\/12\/studentjarama.jpg 2000w, https:\/\/www.hashtag.al\/wp-content\/uploads\/2018\/12\/studentjarama-300x150.jpg 300w, https:\/\/www.hashtag.al\/wp-content\/uploads\/2018\/12\/studentjarama-768x384.jpg 768w, https:\/\/www.hashtag.al\/wp-content\/uploads\/2018\/12\/studentjarama-1024x512.jpg 1024w\" sizes=\"auto, (max-width: 2000px) 100vw, 2000px\" \/><\/p>\n<p><span style=\"color: #000000;\">Teksa kryeministri Rama u fut n\u00eb sall\u00ebn e fakultetit t\u00eb Arkitektur\u00ebs p\u00ebr t\u00eb zhvilluar nj\u00eb takim me disa student\u00eb dhe pedagog\u00eb t\u00eb k\u00ebtij fakulteti, nj\u00eb nga studentet e pranishme kja debatuar me kreun e qeveris\u00eb. <\/span><\/p>\n<p><span style=\"color: #000000;\">Ajo i \u00ebsht\u00eb drejtuar kryeministrit duke i th\u00ebn\u00eb se ai nuk do dialog por i p\u00eblqen t\u00eb monologoj\u00eb dhe se nuk i pranon fyerjet e kreut t\u00eb qeveris\u00eb ndaj student\u00ebve. <\/span><\/p>\n<p><span style=\"color: #000000;\">Pas k\u00ebsaj ajo dhe nj\u00eb pjes\u00eb e student\u00ebve jan\u00eb larguar nga salla e mbledhjes.<\/span><\/p>\n<p><span style=\"color: #000000;\"><strong>Debati<\/strong><\/span><\/p>\n<p><span style=\"color: #0000ff;\">Studentja<\/span>: <span style=\"color: #000000;\">Kush fjal\u00eb konsiderohen ofenduese p\u00ebr ju. Zhvatje me vet\u00ebdije, sipas jush \u00ebsht\u00eb ofenduese?<\/span><\/p>\n<p><span style=\"color: #ff0000;\">Rama<\/span>: <span style=\"color: #000000;\">Skandaloze<\/span><\/p>\n<p><span style=\"color: #0000ff;\">Studentja<\/span>: <span style=\"color: #000000;\">Pse? Sepse ajo po b\u00ebhet realisht.<\/span><\/p>\n<p><span style=\"color: #ff0000;\">Rama<\/span>: <span style=\"color: #000000;\">S\u2019ta shpjegoj dot.<\/span><\/p>\n<p><span style=\"color: #0000ff;\">Studentja<\/span>: U<span style=\"color: #000000;\">n\u00eb e kuptoj, dhe mbr\u00ebm\u00eb nuk m\u00eb dhat\u00eb p\u00ebrgjigje.<\/span><\/p>\n<p><span style=\"color: #ff0000;\">Rama<\/span>: <span style=\"color: #000000;\">Rrezik pasi m\u00eb ke shkruar at\u00eb fjal\u00eb t\u00eb kam th\u00ebn\u00eb q\u00eb\u2026<\/span><\/p>\n<p><span style=\"color: #0000ff;\">Studentja<\/span>: <span style=\"color: #000000;\">Jo ta them un\u00eb \u00e7far\u00eb me keni th\u00ebn\u00eb, \u201cgjat\u00eb gjith\u00eb k\u00ebtyre dit\u00ebve jeni treguar n\u00eb nj\u00eb nivel shum\u00eb t\u00eb lart\u00eb dembelash mendor\u00eb\u201d.<\/span><\/p>\n<p><span style=\"color: #ff0000;\">Rama<\/span>: <span style=\"color: #000000;\">S\u2019\u00ebsht\u00eb fjalia ime kjo.<\/span><\/p>\n<p><span style=\"color: #0000ff;\">Studentja<\/span>: <span style=\"color: #000000;\">\u00cbsht\u00eb fjalia juaj (tregon celularin). M\u00eb keni marr\u00eb n\u00eb telefon n\u00eb or\u00ebn 10:30, t\u00eb mbaroj un\u00eb pastaj fol ti. Se k\u00ebshtu po ja b\u00ebn t\u00eb gjith\u00ebve. \u201cTi dhe kushdo q\u00eb mendon si ti mua m\u00eb merr t\u00eb keqen p\u00ebr zhvatjen me vet\u00ebdije\u201d.<\/span><\/p>\n<p><span style=\"color: #ff0000;\">Rama<\/span>: E<span style=\"color: #000000;\">kzakt, tani po.<\/span><\/p>\n<p><span style=\"color: #0000ff;\">Studentja<\/span>: <span style=\"color: #000000;\">M\u00eb fal, \u00e7a jemi ne p\u00ebr ju, \u00e7a jemi, lolo t\u00eb qeveris\u00eb?<\/span><\/p>\n<p><span style=\"color: #ff0000;\">Rama<\/span>: <span style=\"color: #000000;\">Qet\u00ebsohu. Un\u00eb i respektoj t\u00eb gjith\u00eb ata q\u00eb mua m\u00eb shkruajn\u00eb.<\/span><\/p>\n<p><span style=\"color: #0000ff;\">Studentja<\/span>: <span style=\"color: #000000;\">Nuk respekton asnj\u00eb z.Rama.<\/span><\/p>\n<p><span style=\"color: #ff0000;\">Rama<\/span>: <span style=\"color: #000000;\">Prit moj, ta shpegoj.<\/span><\/p>\n<p><span style=\"color: #0000ff;\">Studentja<\/span>: <span style=\"color: #000000;\">Jo. S\u2019ke \u00e7far\u00eb m\u00eb shpjegon. Ju nuk doni dialog, doni monolog me veten. Nuk na bleni dot si\u00e7 keni bler\u00eb 1000 FRESSH-ista. Z\u00ebrin ton\u00eb do e d\u00ebgjoni. Nuk na ulni dot. Ju nuk doni t\u00eb d\u00ebgjoni, vet\u00ebm t\u00eb flisni vet. Kush do t\u00eb d\u00ebgjoj\u00eb monolog le t\u00eb rrij\u00eb k\u00ebtu. Ne po largohemi.<\/span><\/p>\n<p><img loading=\"lazy\" decoding=\"async\" class=\"aligncenter size-full wp-image-259760\" src=\"https:\/\/hashtag.al\/wp-content\/uploads\/2018\/12\/studentja2.jpg\" alt=\"\" width=\"634\" height=\"450\" srcset=\"https:\/\/www.hashtag.al\/wp-content\/uploads\/2018\/12\/studentja2.jpg 634w, https:\/\/www.hashtag.al\/wp-content\/uploads\/2018\/12\/studentja2-300x213.jpg 300w\" sizes=\"auto, (max-width: 634px) 100vw, 634px\" \/><\/p>\n","protected":false,"gt_translate_keys":[{"key":"rendered","format":"html"}]},"excerpt":{"rendered":"<p>Teksa kryeministri Rama u fut n\u00eb sall\u00ebn e fakultetit t\u00eb Arkitektur\u00ebs p\u00ebr t\u00eb zhvilluar nj\u00eb takim me disa student\u00eb dhe pedagog\u00eb t\u00eb k\u00ebtij fakulteti, nj\u00eb nga studentet e pranishme kja debatuar me kreun e qeveris\u00eb. Ajo i \u00ebsht\u00eb drejtuar kryeministrit duke i th\u00ebn\u00eb se ai nuk do dialog por i p\u00eblqen t\u00eb monologoj\u00eb dhe se [&hellip;]<\/p>\n","protected":false,"gt_translate_keys":[{"key":"rendered","format":"html"}]},"author":51,"featured_media":259759,"comment_status":"open","ping_status":"open","sticky":false,"template":"","format":"standard","meta":{"footnotes":""},"categories":[65,13],"tags":[],"class_list":["post-259757","post","type-post","status-publish","format-standard","has-post-thumbnail","hentry","category-lajme","category-te-fundit"],"gt_translate_keys":[{"key":"link","format":"url"}],"_links":{"self":[{"href":"https:\/\/www.hashtag.al\/index.php\/wp-json\/wp\/v2\/posts\/259757","targetHints":{"allow":["GET"]}}],"collection":[{"href":"https:\/\/www.hashtag.al\/index.php\/wp-json\/wp\/v2\/posts"}],"about":[{"href":"https:\/\/www.hashtag.al\/index.php\/wp-json\/wp\/v2\/types\/post"}],"author":[{"embeddable":true,"href":"https:\/\/www.hashtag.al\/index.php\/wp-json\/wp\/v2\/users\/51"}],"replies":[{"embeddable":true,"href":"https:\/\/www.hashtag.al\/index.php\/wp-json\/wp\/v2\/comments?post=259757"}],"version-history":[{"count":0,"href":"https:\/\/www.hashtag.al\/index.php\/wp-json\/wp\/v2\/posts\/259757\/revisions"}],"wp:featuredmedia":[{"embeddable":true,"href":"https:\/\/www.hashtag.al\/index.php\/wp-json\/wp\/v2\/media\/259759"}],"wp:attachment":[{"href":"https:\/\/www.hashtag.al\/index.php\/wp-json\/wp\/v2\/media?parent=259757"}],"wp:term":[{"taxonomy":"category","embeddable":true,"href":"https:\/\/www.hashtag.al\/index.php\/wp-json\/wp\/v2\/categories?post=259757"},{"taxonomy":"post_tag","embeddable":true,"href":"https:\/\/www.hashtag.al\/index.php\/wp-json\/wp\/v2\/tags?post=259757"}],"curies":[{"name":"wp","href":"https:\/\/api.w.org\/{rel}","templated":true}]}}