{"id":259744,"date":"2018-12-20T17:37:26","date_gmt":"2018-12-20T16:37:26","guid":{"rendered":"https:\/\/hashtag.al\/?p=259744"},"modified":"2018-12-20T17:41:13","modified_gmt":"2018-12-20T16:41:13","slug":"kryeministrit-i-pelqejne-monologjet-studentet-braktisin-takimin-me-ramen","status":"publish","type":"post","link":"https:\/\/www.hashtag.al\/index.php\/2018\/12\/20\/kryeministrit-i-pelqejne-monologjet-studentet-braktisin-takimin-me-ramen\/","title":{"rendered":"&#8220;T\u00eb p\u00eblqejn\u00eb monologjet, s&#8217;na blen dot si\u00e7 b\u00ebn me FRESSH-ist\u00ebt&#8221; &#8211; Student\u00ebt braktisin takimin me Ram\u00ebn","gt_translate_keys":[{"key":"rendered","format":"text"}]},"content":{"rendered":"<p><span style=\"color: #000000;\"><img loading=\"lazy\" decoding=\"async\" class=\"aligncenter size-full wp-image-259745\" src=\"https:\/\/hashtag.al\/wp-content\/uploads\/2018\/12\/arkitektura3.png\" alt=\"\" width=\"974\" height=\"581\" srcset=\"https:\/\/www.hashtag.al\/wp-content\/uploads\/2018\/12\/arkitektura3.png 974w, https:\/\/www.hashtag.al\/wp-content\/uploads\/2018\/12\/arkitektura3-300x179.png 300w, https:\/\/www.hashtag.al\/wp-content\/uploads\/2018\/12\/arkitektura3-768x458.png 768w\" sizes=\"auto, (max-width: 974px) 100vw, 974px\" \/><\/span><\/p>\n<p><span style=\"color: #000000;\">Nj\u00eb pjes\u00eb e madhe e student\u00ebve q\u00eb ishin n\u00eb takimin me kryeministrin Rama n\u00eb sallat e fakultetit t\u00eb Arkitektur\u00ebs kan\u00eb dal\u00eb nga takimi.<\/span><\/p>\n<p><span style=\"color: #000000;\"><em>&#8220;Ju nuk doni dialog, doni monolog me veten. Nuk na bleni dot si\u00e7 keni bler\u00eb 1000 FRESSH-ista. Z\u00ebrin ton\u00eb do e d\u00ebgjoni. Nuk na ulni dot. Ju nuk doni t\u00eb d\u00ebgjoni, vet\u00ebm t\u00eb flisni vet. Kush do t\u00eb d\u00ebgjoj\u00eb monolog le t\u00eb rrij\u00eb k\u00ebtu. Ne po largohemi.&#8221;<\/em> &#8211; tha nj\u00ebra nga studentet para se t\u00eb braktiste mbledhjen bashk\u00eb me shum\u00eb student\u00eb t\u00eb tjer\u00eb.<\/span><\/p>\n<p><span style=\"color: #000000;\">Ata kan\u00eb dal\u00eb jasht\u00eb godin\u00ebs s\u00eb fakultetit ku u jan\u00eb bashkuar student\u00ebve t\u00eb tjer\u00eb q\u00eb nuk u fut\u00ebn fare brenda. Ata th\u00ebrrasin nga jasht\u00eb godin\u00ebs \u201cS\u2019ka dialog\u201d, \u201cAnulo ligjin e Arsimit t\u00eb Lart\u00eb\u201d dhe \u201cTurp, turp\u201d.<\/span><\/p>\n<p><span style=\"color: #000000;\"><em>\u201cDeri tani kemi par\u00eb vet\u00ebm monologje q\u00eb i sh\u00ebrbejn\u00eb vet\u00ebm atij dhe askujt tjet\u00ebr. Nuk ka dialog pa u plot\u00ebsuar 8 k\u00ebrkesat tona. Qeveria nuk na ble dot.\u201d<\/em> &#8211; tha nj\u00ebra nga studentet protestuese.<\/span><\/p>\n<p><span style=\"color: #000000;\">Kryeministri Rama nga brenda e ka quajtur si t\u00eb papranueshme k\u00ebt\u00eb sjellje t\u00eb student\u00ebve t\u00eb cil\u00ebt sipas tij nuk duan t\u00eb gjejn\u00eb zgjidhje p\u00ebr problematikat q\u00eb kan\u00eb shtruar.<\/span><\/p>\n<p><span style=\"color: #000000;\">E nj\u00ebjta situat\u00eb \u00ebsht\u00eb paraqitur edhe n\u00eb takimet e kreut t\u00eb qeveris\u00eb n\u00eb Universitetin Bujq\u00ebsor dhe Universitetin \u201cIsmail Qemali\u201d t\u00eb Vlor\u00ebs.<\/span><\/p>\n<p><span style=\"color: #000000;\">Student\u00ebt e Arkitektur\u00ebs ishin t\u00eb par\u00ebt q\u00eb u ngrit\u00ebn n\u00eb protest\u00eb dhe m\u00eb pas ajo p\u00ebrfshoi val\u00eb-val\u00eb t\u00eb gjitha universitetet e tjera t\u00eb Tiran\u00ebs dhe qyteteve t\u00eb tjera.<\/span><\/p>\n<p><span style=\"color: #000000;\"><img loading=\"lazy\" decoding=\"async\" class=\"aligncenter size-full wp-image-259746\" src=\"https:\/\/hashtag.al\/wp-content\/uploads\/2018\/12\/rama-2.png\" alt=\"\" width=\"830\" height=\"561\" srcset=\"https:\/\/www.hashtag.al\/wp-content\/uploads\/2018\/12\/rama-2.png 830w, https:\/\/www.hashtag.al\/wp-content\/uploads\/2018\/12\/rama-2-300x203.png 300w, https:\/\/www.hashtag.al\/wp-content\/uploads\/2018\/12\/rama-2-768x519.png 768w\" sizes=\"auto, (max-width: 830px) 100vw, 830px\" \/><\/span><\/p>\n","protected":false,"gt_translate_keys":[{"key":"rendered","format":"html"}]},"excerpt":{"rendered":"<p>Nj\u00eb pjes\u00eb e madhe e student\u00ebve q\u00eb ishin n\u00eb takimin me kryeministrin Rama n\u00eb sallat e fakultetit t\u00eb Arkitektur\u00ebs kan\u00eb dal\u00eb nga takimi. &#8220;Ju nuk doni dialog, doni monolog me veten. Nuk na bleni dot si\u00e7 keni bler\u00eb 1000 FRESSH-ista. Z\u00ebrin ton\u00eb do e d\u00ebgjoni. Nuk na ulni dot. Ju nuk doni t\u00eb d\u00ebgjoni, vet\u00ebm [&hellip;]<\/p>\n","protected":false,"gt_translate_keys":[{"key":"rendered","format":"html"}]},"author":51,"featured_media":259747,"comment_status":"open","ping_status":"open","sticky":false,"template":"","format":"standard","meta":{"footnotes":""},"categories":[65,13],"tags":[],"class_list":["post-259744","post","type-post","status-publish","format-standard","has-post-thumbnail","hentry","category-lajme","category-te-fundit"],"gt_translate_keys":[{"key":"link","format":"url"}],"_links":{"self":[{"href":"https:\/\/www.hashtag.al\/index.php\/wp-json\/wp\/v2\/posts\/259744","targetHints":{"allow":["GET"]}}],"collection":[{"href":"https:\/\/www.hashtag.al\/index.php\/wp-json\/wp\/v2\/posts"}],"about":[{"href":"https:\/\/www.hashtag.al\/index.php\/wp-json\/wp\/v2\/types\/post"}],"author":[{"embeddable":true,"href":"https:\/\/www.hashtag.al\/index.php\/wp-json\/wp\/v2\/users\/51"}],"replies":[{"embeddable":true,"href":"https:\/\/www.hashtag.al\/index.php\/wp-json\/wp\/v2\/comments?post=259744"}],"version-history":[{"count":0,"href":"https:\/\/www.hashtag.al\/index.php\/wp-json\/wp\/v2\/posts\/259744\/revisions"}],"wp:featuredmedia":[{"embeddable":true,"href":"https:\/\/www.hashtag.al\/index.php\/wp-json\/wp\/v2\/media\/259747"}],"wp:attachment":[{"href":"https:\/\/www.hashtag.al\/index.php\/wp-json\/wp\/v2\/media?parent=259744"}],"wp:term":[{"taxonomy":"category","embeddable":true,"href":"https:\/\/www.hashtag.al\/index.php\/wp-json\/wp\/v2\/categories?post=259744"},{"taxonomy":"post_tag","embeddable":true,"href":"https:\/\/www.hashtag.al\/index.php\/wp-json\/wp\/v2\/tags?post=259744"}],"curies":[{"name":"wp","href":"https:\/\/api.w.org\/{rel}","templated":true}]}}