{"id":259712,"date":"2018-12-20T14:46:57","date_gmt":"2018-12-20T13:46:57","guid":{"rendered":"https:\/\/hashtag.al\/?p=259712"},"modified":"2018-12-20T14:58:02","modified_gmt":"2018-12-20T13:58:02","slug":"50-pedagoge-i-bashkohen-protestes-se-studenteve-kerkojne-shfuqizimine-ligjit-per-arsimin-e-larte","status":"publish","type":"post","link":"https:\/\/www.hashtag.al\/index.php\/2018\/12\/20\/50-pedagoge-i-bashkohen-protestes-se-studenteve-kerkojne-shfuqizimine-ligjit-per-arsimin-e-larte\/","title":{"rendered":"50 pedagog\u00eb i bashkohen protest\u00ebs s\u00eb student\u00ebve, k\u00ebrkojn\u00eb shfuqizimine ligjit p\u00ebr Arsimin e Lart\u00eb","gt_translate_keys":[{"key":"rendered","format":"text"}]},"content":{"rendered":"<p><img loading=\"lazy\" decoding=\"async\" class=\"aligncenter size-full wp-image-259714\" src=\"https:\/\/hashtag.al\/wp-content\/uploads\/2018\/12\/fakulteti-shkencat-sociale-1.jpg2_.jpg\" alt=\"\" width=\"1200\" height=\"600\" srcset=\"https:\/\/www.hashtag.al\/wp-content\/uploads\/2018\/12\/fakulteti-shkencat-sociale-1.jpg2_.jpg 1200w, https:\/\/www.hashtag.al\/wp-content\/uploads\/2018\/12\/fakulteti-shkencat-sociale-1.jpg2_-300x150.jpg 300w, https:\/\/www.hashtag.al\/wp-content\/uploads\/2018\/12\/fakulteti-shkencat-sociale-1.jpg2_-768x384.jpg 768w, https:\/\/www.hashtag.al\/wp-content\/uploads\/2018\/12\/fakulteti-shkencat-sociale-1.jpg2_-1024x512.jpg 1024w\" sizes=\"auto, (max-width: 1200px) 100vw, 1200px\" \/><\/p>\n<p><span style=\"color: #000000;\">M\u00eb shum\u00eb se 50 pedagog\u00eb t\u00eb Fakultetitt t\u00eb Shkencave Sociale i jan\u00eb bashkuar protest\u00ebs s\u00eb student\u00ebve. Ata k\u00ebrkojn\u00eb shfuquzimin e ligjit p\u00ebr Arsimin e Lart\u00eb, q\u00eb sipas tyre \u00ebsht\u00eb edhe problemi q\u00eb ka shkaktuar kaosin dhe gjith\u00eb problematik\u00ebn q\u00eb ka \u00e7uar n\u00eb protestat e student\u00ebve. <\/span><\/p>\n<p><span style=\"color: #000000;\">Ata kan\u00eb n\u00ebnshkruar nj\u00ebdokument ku k\u00ebrkojn\u00eb pik\u00ebrisht shfuqizimin e k\u00ebtij ligji. P\u00ebr t\u00eb mb\u00ebshtetur k\u00ebrkes\u00ebn e tyre ata kan\u00eb shp\u00ebrndar\u00eb edhe nj\u00eb dokument drejtuar rektoratit q\u00eb n\u00eb fillim t\u00eb vitit 2015 ku ata b\u00ebnin v\u00ebrejtje thelb\u00ebsore p\u00ebr reform\u00ebn ende t\u00eb pa miratuar n\u00eb parlament.<\/span><\/p>\n<p><span style=\"color: #000000;\">Deri tani kryeministri Rama, n\u00eb takimet q\u00eb ka pasur me disa student\u00eb e pedagog\u00eb nuk ka b\u00ebr\u00eb t\u00eb ditur se ka nd\u00ebrmend ta shfuqizoj\u00eb k\u00ebt\u00eb ligj. <\/span><\/p>\n<p><span style=\"color: #000000;\">Nd\u00ebrkoh\u00eb student\u00ebt kan\u00eb vijuar edhe sot protest\u00ebn duke braktisur auditoret e m\u00ebsimit. Ata kan\u00eb deklaruar se nuk kan\u00eb nd\u00ebrmend q\u00eb t\u00eb t\u00ebrhiqen nga plot\u00ebsimi i 8 k\u00ebrkesave q\u00eb kan\u00eb parashtruar q\u00eb prej dit\u00ebve t\u00eb para t\u00eb protest\u00ebs. Sot ata u mblodh\u00ebn para Kuvendit ku u mb\u00ebshtet\u00ebn nga mij\u00ebra qytetar\u00eb.<\/span><\/p>\n<p><img loading=\"lazy\" decoding=\"async\" class=\"aligncenter size-full wp-image-259713\" src=\"https:\/\/hashtag.al\/wp-content\/uploads\/2018\/12\/pedagoget.jpg\" alt=\"\" width=\"900\" height=\"1274\" srcset=\"https:\/\/www.hashtag.al\/wp-content\/uploads\/2018\/12\/pedagoget.jpg 900w, https:\/\/www.hashtag.al\/wp-content\/uploads\/2018\/12\/pedagoget-212x300.jpg 212w, https:\/\/www.hashtag.al\/wp-content\/uploads\/2018\/12\/pedagoget-768x1087.jpg 768w, https:\/\/www.hashtag.al\/wp-content\/uploads\/2018\/12\/pedagoget-723x1024.jpg 723w\" sizes=\"auto, (max-width: 900px) 100vw, 900px\" \/><\/p>\n","protected":false,"gt_translate_keys":[{"key":"rendered","format":"html"}]},"excerpt":{"rendered":"<p>M\u00eb shum\u00eb se 50 pedagog\u00eb t\u00eb Fakultetitt t\u00eb Shkencave Sociale i jan\u00eb bashkuar protest\u00ebs s\u00eb student\u00ebve. Ata k\u00ebrkojn\u00eb shfuquzimin e ligjit p\u00ebr Arsimin e Lart\u00eb, q\u00eb sipas tyre \u00ebsht\u00eb edhe problemi q\u00eb ka shkaktuar kaosin dhe gjith\u00eb problematik\u00ebn q\u00eb ka \u00e7uar n\u00eb protestat e student\u00ebve. Ata kan\u00eb n\u00ebnshkruar nj\u00ebdokument ku k\u00ebrkojn\u00eb pik\u00ebrisht shfuqizimin e k\u00ebtij [&hellip;]<\/p>\n","protected":false,"gt_translate_keys":[{"key":"rendered","format":"html"}]},"author":51,"featured_media":259715,"comment_status":"open","ping_status":"open","sticky":false,"template":"","format":"standard","meta":{"footnotes":""},"categories":[65,13],"tags":[],"class_list":["post-259712","post","type-post","status-publish","format-standard","has-post-thumbnail","hentry","category-lajme","category-te-fundit"],"gt_translate_keys":[{"key":"link","format":"url"}],"_links":{"self":[{"href":"https:\/\/www.hashtag.al\/index.php\/wp-json\/wp\/v2\/posts\/259712","targetHints":{"allow":["GET"]}}],"collection":[{"href":"https:\/\/www.hashtag.al\/index.php\/wp-json\/wp\/v2\/posts"}],"about":[{"href":"https:\/\/www.hashtag.al\/index.php\/wp-json\/wp\/v2\/types\/post"}],"author":[{"embeddable":true,"href":"https:\/\/www.hashtag.al\/index.php\/wp-json\/wp\/v2\/users\/51"}],"replies":[{"embeddable":true,"href":"https:\/\/www.hashtag.al\/index.php\/wp-json\/wp\/v2\/comments?post=259712"}],"version-history":[{"count":0,"href":"https:\/\/www.hashtag.al\/index.php\/wp-json\/wp\/v2\/posts\/259712\/revisions"}],"wp:featuredmedia":[{"embeddable":true,"href":"https:\/\/www.hashtag.al\/index.php\/wp-json\/wp\/v2\/media\/259715"}],"wp:attachment":[{"href":"https:\/\/www.hashtag.al\/index.php\/wp-json\/wp\/v2\/media?parent=259712"}],"wp:term":[{"taxonomy":"category","embeddable":true,"href":"https:\/\/www.hashtag.al\/index.php\/wp-json\/wp\/v2\/categories?post=259712"},{"taxonomy":"post_tag","embeddable":true,"href":"https:\/\/www.hashtag.al\/index.php\/wp-json\/wp\/v2\/tags?post=259712"}],"curies":[{"name":"wp","href":"https:\/\/api.w.org\/{rel}","templated":true}]}}