{"id":259585,"date":"2018-12-20T08:16:54","date_gmt":"2018-12-20T07:16:54","guid":{"rendered":"https:\/\/hashtag.al\/?p=259585"},"modified":"2018-12-20T08:20:17","modified_gmt":"2018-12-20T07:20:17","slug":"studente-dhe-infermiere-proteste-para-kuvendit-cfare-pritet-te-ndodhe-sot","status":"publish","type":"post","link":"https:\/\/www.hashtag.al\/index.php\/2018\/12\/20\/studente-dhe-infermiere-proteste-para-kuvendit-cfare-pritet-te-ndodhe-sot\/","title":{"rendered":"Student\u00eb dhe infermier\u00eb protest\u00eb para Kuvendit, \u00e7far\u00eb pritet t\u00eb ndodh\u00eb sot","gt_translate_keys":[{"key":"rendered","format":"text"}]},"content":{"rendered":"<p>&nbsp;<\/p>\n<p><span style=\"color: #000000;\"><img loading=\"lazy\" decoding=\"async\" class=\"aligncenter size-full wp-image-258663\" src=\"https:\/\/hashtag.al\/wp-content\/uploads\/2018\/12\/studentet-protesta.jpg\" alt=\"\" width=\"884\" height=\"530\" srcset=\"https:\/\/www.hashtag.al\/wp-content\/uploads\/2018\/12\/studentet-protesta.jpg 884w, https:\/\/www.hashtag.al\/wp-content\/uploads\/2018\/12\/studentet-protesta-300x180.jpg 300w, https:\/\/www.hashtag.al\/wp-content\/uploads\/2018\/12\/studentet-protesta-768x460.jpg 768w\" sizes=\"auto, (max-width: 884px) 100vw, 884px\" \/><\/span><\/p>\n<p><span style=\"color: #000000;\">Nd\u00ebrkoh\u00eb q\u00eb n\u00eb Kuvend do t\u00eb zhvillohet seansa plenare, student\u00ebt pritet t\u00eb protestojn\u00eb p\u00ebrpara godin\u00ebs s\u00eb k\u00ebtij institucioni.<\/span><\/p>\n<p><span style=\"color: #000000;\">K\u00ebsaj proteste pritet t\u2019i bashkohen edhe student\u00eb e qytetar\u00eb nga i gjith\u00eb vendi. Vet\u00ebm nga Shkodra jan\u00eb nisur drejt Tiran\u00ebs 5 autobus\u00eb, disa furgon\u00eb dhe makina private.<\/span><\/p>\n<p><span style=\"color: #000000;\">Kreu i Partis\u00eb Demokratike Lulzim Basha, n\u00eb mesin e protestuesve t\u00eb Unaz\u00ebs s\u00eb Re, i ftoi mbr\u00ebm\u00eb t\u00eb gjith\u00eb qytetar\u00ebt q\u00eb t\u2019i bashkoheshin k\u00ebsaj proteste.<\/span><\/p>\n<p><span style=\"color: #000000;\"><em>\u201cJu b\u00ebj nj\u00eb thirrje t\u00eb gjith\u00eb qytetar\u00ebve q\u00eb t\u00eb bashkohen nes\u00ebr me student\u00ebt para kuvendit. e vetmja shpres\u00eb e k\u00ebsaj bande hajdut\u00ebsh \u00ebsht\u00eb t\u00eb helmojn\u00eb shqiptar\u00ebt. I ftoj t\u00eb gjith\u00eb shqiptar\u00ebt q\u00eb t\u00eb nisim nes\u00ebr nj\u00eb rezistenc\u00eb p\u00ebr tu p\u00ebrballur dhe p\u00ebr rr\u00ebzuar t\u00eb keqen\u201d<\/em>, jan\u00eb fjal\u00ebt e Bash\u00ebs.<\/span><\/p>\n<p><span style=\"color: #000000;\">N\u00eb protest\u00eb do t\u00eb jen\u00eb edhe infermier\u00ebt, t\u00eb cil\u00ebt prej koh\u00ebsh kan\u00eb paralajm\u00ebruar se do t\u00eb ngriheshin. Ngritja e infermier\u00ebve n\u00eb protest\u00eb vjen pas mosmbajtjes s\u00eb premtimeve nga ana e kryeministrit Edi Rama, si dhe p\u00ebr p\u00ebrmir\u00ebsimin e kushteve t\u00eb pun\u00ebs si dhe rritjen e rrogave.<\/span><\/p>\n<p><span style=\"color: #000000;\"><img loading=\"lazy\" decoding=\"async\" class=\"aligncenter size-full wp-image-259561\" src=\"https:\/\/hashtag.al\/wp-content\/uploads\/2018\/12\/proteste-infermieret.png\" alt=\"\" width=\"615\" height=\"472\" srcset=\"https:\/\/www.hashtag.al\/wp-content\/uploads\/2018\/12\/proteste-infermieret.png 615w, https:\/\/www.hashtag.al\/wp-content\/uploads\/2018\/12\/proteste-infermieret-300x230.png 300w\" sizes=\"auto, (max-width: 615px) 100vw, 615px\" \/><\/span><\/p>\n<p><span style=\"color: #000000;\">N\u00eb seanc\u00ebn e sotme plenare n\u00eb Kuvend do t\u00eb jet\u00eb edhe opozita. Sekretari i P\u00ebrgjithsh\u00ebm i PD, Arben Ristani ka zbuluar mbr\u00ebm\u00eb edhe skenarin e opozit\u00ebs p\u00ebr sot.<\/span><\/p>\n<p><span style=\"color: #000000;\">Ai tha se opozita do t\u00eb kthehet n\u00eb Kuvend vet\u00ebm p\u00ebr pjes\u00ebn kur do t\u00eb diskutohet buxheti q\u00eb u jep zgjidhje dhe nj\u00eb pjes\u00eb t\u00eb k\u00ebrkesave t\u00eb student\u00ebve dhe m\u00eb pas deputet\u00ebt e opozit\u00ebs do t\u00eb largohen<strong>.\/Hashtag.al<\/strong><\/span><\/p>\n<p><img loading=\"lazy\" decoding=\"async\" class=\"aligncenter size-full wp-image-259589\" src=\"https:\/\/hashtag.al\/wp-content\/uploads\/2018\/12\/student.jpg\" alt=\"\" width=\"540\" height=\"540\" srcset=\"https:\/\/www.hashtag.al\/wp-content\/uploads\/2018\/12\/student.jpg 540w, https:\/\/www.hashtag.al\/wp-content\/uploads\/2018\/12\/student-150x150.jpg 150w, https:\/\/www.hashtag.al\/wp-content\/uploads\/2018\/12\/student-300x300.jpg 300w, https:\/\/www.hashtag.al\/wp-content\/uploads\/2018\/12\/student-120x120.jpg 120w\" sizes=\"auto, (max-width: 540px) 100vw, 540px\" \/><\/p>\n","protected":false,"gt_translate_keys":[{"key":"rendered","format":"html"}]},"excerpt":{"rendered":"<p>&nbsp; Nd\u00ebrkoh\u00eb q\u00eb n\u00eb Kuvend do t\u00eb zhvillohet seansa plenare, student\u00ebt pritet t\u00eb protestojn\u00eb p\u00ebrpara godin\u00ebs s\u00eb k\u00ebtij institucioni. K\u00ebsaj proteste pritet t\u2019i bashkohen edhe student\u00eb e qytetar\u00eb nga i gjith\u00eb vendi. Vet\u00ebm nga Shkodra jan\u00eb nisur drejt Tiran\u00ebs 5 autobus\u00eb, disa furgon\u00eb dhe makina private. Kreu i Partis\u00eb Demokratike Lulzim Basha, n\u00eb mesin e [&hellip;]<\/p>\n","protected":false,"gt_translate_keys":[{"key":"rendered","format":"html"}]},"author":30,"featured_media":257789,"comment_status":"open","ping_status":"open","sticky":false,"template":"","format":"standard","meta":{"footnotes":""},"categories":[22,65,13],"tags":[],"class_list":["post-259585","post","type-post","status-publish","format-standard","has-post-thumbnail","hentry","category-ballina","category-lajme","category-te-fundit"],"gt_translate_keys":[{"key":"link","format":"url"}],"_links":{"self":[{"href":"https:\/\/www.hashtag.al\/index.php\/wp-json\/wp\/v2\/posts\/259585","targetHints":{"allow":["GET"]}}],"collection":[{"href":"https:\/\/www.hashtag.al\/index.php\/wp-json\/wp\/v2\/posts"}],"about":[{"href":"https:\/\/www.hashtag.al\/index.php\/wp-json\/wp\/v2\/types\/post"}],"author":[{"embeddable":true,"href":"https:\/\/www.hashtag.al\/index.php\/wp-json\/wp\/v2\/users\/30"}],"replies":[{"embeddable":true,"href":"https:\/\/www.hashtag.al\/index.php\/wp-json\/wp\/v2\/comments?post=259585"}],"version-history":[{"count":0,"href":"https:\/\/www.hashtag.al\/index.php\/wp-json\/wp\/v2\/posts\/259585\/revisions"}],"wp:featuredmedia":[{"embeddable":true,"href":"https:\/\/www.hashtag.al\/index.php\/wp-json\/wp\/v2\/media\/257789"}],"wp:attachment":[{"href":"https:\/\/www.hashtag.al\/index.php\/wp-json\/wp\/v2\/media?parent=259585"}],"wp:term":[{"taxonomy":"category","embeddable":true,"href":"https:\/\/www.hashtag.al\/index.php\/wp-json\/wp\/v2\/categories?post=259585"},{"taxonomy":"post_tag","embeddable":true,"href":"https:\/\/www.hashtag.al\/index.php\/wp-json\/wp\/v2\/tags?post=259585"}],"curies":[{"name":"wp","href":"https:\/\/api.w.org\/{rel}","templated":true}]}}