{"id":259486,"date":"2018-12-19T16:14:23","date_gmt":"2018-12-19T15:14:23","guid":{"rendered":"https:\/\/hashtag.al\/?p=259486"},"modified":"2018-12-19T16:17:27","modified_gmt":"2018-12-19T15:17:27","slug":"rreshqet-shkembi-humb-jeten-minatori-brenda-galerise","status":"publish","type":"post","link":"https:\/\/www.hashtag.al\/index.php\/2018\/12\/19\/rreshqet-shkembi-humb-jeten-minatori-brenda-galerise\/","title":{"rendered":"Rr\u00ebshqet shk\u00ebmbi, humb jet\u00ebn minatori brenda galeris\u00eb","gt_translate_keys":[{"key":"rendered","format":"text"}]},"content":{"rendered":"<p><img loading=\"lazy\" decoding=\"async\" class=\"aligncenter size-full wp-image-259487\" src=\"https:\/\/hashtag.al\/wp-content\/uploads\/2018\/12\/minator.jpg\" alt=\"\" width=\"533\" height=\"400\" srcset=\"https:\/\/www.hashtag.al\/wp-content\/uploads\/2018\/12\/minator.jpg 533w, https:\/\/www.hashtag.al\/wp-content\/uploads\/2018\/12\/minator-300x225.jpg 300w\" sizes=\"auto, (max-width: 533px) 100vw, 533px\" \/><\/p>\n<p><span style=\"color: #000000;\">Nj\u00eb ngjarje e r\u00ebnd\u00eb ka ndodhur pasditen e sotme n\u00eb qytetin e Pogradecit, ku nj\u00eb minator ka humbur jet\u00ebn.<\/span><\/p>\n<p><span style=\"color: #000000;\">Ngjarja ka ndodhur tek miniera e kromit n\u00eb fshatin Pojsk\u00eb, ku dyshohet se ka rr\u00ebshqitur nj\u00eb formacion shk\u00ebmbor. Minatori 58-vje\u00e7ar nme inicialet V.D, banues n\u00eb fshatin R\u00ebmenj, ka mbetur i bllokuar n\u00eb nj\u00eb prej galerive ku po punonte dhe si pasoj\u00eb ka gjetur vdekjen.<\/span><\/p>\n<p><span style=\"color: #000000;\">Nga ana e Policis\u00eb, po kryhen veprimet proceduriale t\u00eb rastit dhe po punohet p\u00ebr sqarimin e plot\u00eb t\u00eb rrethanave.<\/span><\/p>\n<p>&nbsp;<\/p>\n","protected":false,"gt_translate_keys":[{"key":"rendered","format":"html"}]},"excerpt":{"rendered":"<p>Nj\u00eb ngjarje e r\u00ebnd\u00eb ka ndodhur pasditen e sotme n\u00eb qytetin e Pogradecit, ku nj\u00eb minator ka humbur jet\u00ebn. Ngjarja ka ndodhur tek miniera e kromit n\u00eb fshatin Pojsk\u00eb, ku dyshohet se ka rr\u00ebshqitur nj\u00eb formacion shk\u00ebmbor. Minatori 58-vje\u00e7ar nme inicialet V.D, banues n\u00eb fshatin R\u00ebmenj, ka mbetur i bllokuar n\u00eb nj\u00eb prej galerive ku [&hellip;]<\/p>\n","protected":false,"gt_translate_keys":[{"key":"rendered","format":"html"}]},"author":30,"featured_media":259488,"comment_status":"open","ping_status":"open","sticky":false,"template":"","format":"standard","meta":{"footnotes":""},"categories":[65,13],"tags":[],"class_list":["post-259486","post","type-post","status-publish","format-standard","has-post-thumbnail","hentry","category-lajme","category-te-fundit"],"gt_translate_keys":[{"key":"link","format":"url"}],"_links":{"self":[{"href":"https:\/\/www.hashtag.al\/index.php\/wp-json\/wp\/v2\/posts\/259486","targetHints":{"allow":["GET"]}}],"collection":[{"href":"https:\/\/www.hashtag.al\/index.php\/wp-json\/wp\/v2\/posts"}],"about":[{"href":"https:\/\/www.hashtag.al\/index.php\/wp-json\/wp\/v2\/types\/post"}],"author":[{"embeddable":true,"href":"https:\/\/www.hashtag.al\/index.php\/wp-json\/wp\/v2\/users\/30"}],"replies":[{"embeddable":true,"href":"https:\/\/www.hashtag.al\/index.php\/wp-json\/wp\/v2\/comments?post=259486"}],"version-history":[{"count":0,"href":"https:\/\/www.hashtag.al\/index.php\/wp-json\/wp\/v2\/posts\/259486\/revisions"}],"wp:featuredmedia":[{"embeddable":true,"href":"https:\/\/www.hashtag.al\/index.php\/wp-json\/wp\/v2\/media\/259488"}],"wp:attachment":[{"href":"https:\/\/www.hashtag.al\/index.php\/wp-json\/wp\/v2\/media?parent=259486"}],"wp:term":[{"taxonomy":"category","embeddable":true,"href":"https:\/\/www.hashtag.al\/index.php\/wp-json\/wp\/v2\/categories?post=259486"},{"taxonomy":"post_tag","embeddable":true,"href":"https:\/\/www.hashtag.al\/index.php\/wp-json\/wp\/v2\/tags?post=259486"}],"curies":[{"name":"wp","href":"https:\/\/api.w.org\/{rel}","templated":true}]}}