{"id":259372,"date":"2018-12-18T21:54:10","date_gmt":"2018-12-18T20:54:10","guid":{"rendered":"https:\/\/hashtag.al\/?p=259372"},"modified":"2018-12-18T21:54:10","modified_gmt":"2018-12-18T20:54:10","slug":"deputeti-gjerman-shqiperia-te-beje-vettingun-ne-politike-partite-te-gjejne-zgjidhjen","status":"publish","type":"post","link":"https:\/\/www.hashtag.al\/index.php\/2018\/12\/18\/deputeti-gjerman-shqiperia-te-beje-vettingun-ne-politike-partite-te-gjejne-zgjidhjen\/","title":{"rendered":"Deputeti gjerman: Shqip\u00ebria t\u00eb b\u00ebj\u00eb vettingun n\u00eb politik\u00eb, partit\u00eb t\u00eb gjejn\u00eb zgjidhjen","gt_translate_keys":[{"key":"rendered","format":"text"}]},"content":{"rendered":"<p><img loading=\"lazy\" decoding=\"async\" class=\"aligncenter size-full wp-image-259373\" src=\"https:\/\/hashtag.al\/wp-content\/uploads\/2018\/12\/gjermani.jpg\" alt=\"\" width=\"960\" height=\"960\" srcset=\"https:\/\/www.hashtag.al\/wp-content\/uploads\/2018\/12\/gjermani.jpg 960w, https:\/\/www.hashtag.al\/wp-content\/uploads\/2018\/12\/gjermani-150x150.jpg 150w, https:\/\/www.hashtag.al\/wp-content\/uploads\/2018\/12\/gjermani-300x300.jpg 300w, https:\/\/www.hashtag.al\/wp-content\/uploads\/2018\/12\/gjermani-768x768.jpg 768w, https:\/\/www.hashtag.al\/wp-content\/uploads\/2018\/12\/gjermani-120x120.jpg 120w\" sizes=\"auto, (max-width: 960px) 100vw, 960px\" \/><\/p>\n<p>Deputeti i Bundestagut gjerman Andres Lammel i cili ndodhet n\u00eb nj\u00eb vizit\u00eb n\u00eb Tiran\u00eb, ka th\u00ebn\u00eb se Komisioni i Venecias e mb\u00ebshtet vettingun n\u00eb politik\u00eb n\u00eb m\u00ebnyr\u00eb q\u00eb k\u00ebta politikan\u00eb q\u00eb zgjidhen t\u00eb mos jen\u00eb t\u00eb p\u00ebrfshir\u00eb n\u00eb akte kriminale.<\/p>\n<p>Lammel u shpreh se me r\u00ebnd\u00ebsi \u00ebsht\u00eb q\u00eb projektligji i opozit\u00ebs t\u00eb diskutohet n\u00eb Kuvend. Ai gjithashtu foli edhe p\u00ebr problemet zgjedhore ku p\u00ebrmende financimin e partive dhe t\u00eb fushatave elektorale, por edhe faktin se vitin tjet\u00ebr nj\u00eb pjese t\u00eb votuesve u mbaron karta e identitetit, si dhe problemin me listat zgjedhore.<\/p>\n<p>I pyetur p\u00ebr vettingun n\u00eb politik\u00eb, u shpreh se duhet q\u00eb pal\u00ebt t\u00eb ulen sa m\u00eb par\u00eb p\u00ebr t\u00eb implementuar k\u00ebt\u00eb proces.<\/p>\n<p>Ai deklaroi se publiku ka t\u00eb drejt\u00eb t\u00eb k\u00ebrkoj\u00eb q\u00eb poltikan\u00ebt t\u00eb mos jen\u00eb t\u00eb p\u00ebrfshir\u00eb n\u00eb akte kriminale.<\/p>\n<p>\u201cLajmet q\u00eb politika \u00ebsht\u00eb e p\u00ebrfshir\u00eb n\u00eb krim e kemi prej disa vitesh dhe kemi njoftuar kancelaren gjermane q\u00eb n\u00eb Shqip\u00ebri duhet t\u00eb ekzistojn\u00eb disa rregulla se si ti largojm\u00eb nga politika. Publiku duhet t\u00eb ket\u00eb t\u00eb drejt\u00ebn q\u00eb t\u00eb k\u00ebrkoj\u00eb q\u00eb k\u00ebto politikan\u00eb t\u00eb mos jen\u00eb t\u00eb p\u00ebrfshir\u00eb n\u00eb akte kriminale. \u00cbsht\u00eb e qart\u00eb se \u00ebsht\u00eb nj\u00eb komision q\u00eb vendos p\u00ebr aktet sesa t\u00eb r\u00ebnda jan\u00eb ato dhe n\u00ebse duhet ta dor\u00ebzoj\u00eb deputet\u00ebt mandatin apo jo. Mendoj p\u00ebr t\u00eb dy pal\u00ebt t\u00eb ulen s\u00eb bashku sa m\u00eb par\u00eb dhe mendoj se do t\u00eb jet\u00eb n\u00eb interes t\u00eb PS-s\u00eb q\u00eb t\u00eb kthej\u00eb besimin tek popullata, t\u00eb ulen sa m\u00eb shpejt dhe implementojn\u00eb procesin e Vettingut n\u00eb poltik\u00eb\u201d, u shpreh ai.<\/p>\n<p>&nbsp;<\/p>\n","protected":false,"gt_translate_keys":[{"key":"rendered","format":"html"}]},"excerpt":{"rendered":"<p>Deputeti i Bundestagut gjerman Andres Lammel i cili ndodhet n\u00eb nj\u00eb vizit\u00eb n\u00eb Tiran\u00eb, ka th\u00ebn\u00eb se Komisioni i Venecias e mb\u00ebshtet vettingun n\u00eb politik\u00eb n\u00eb m\u00ebnyr\u00eb q\u00eb k\u00ebta politikan\u00eb q\u00eb zgjidhen t\u00eb mos jen\u00eb t\u00eb p\u00ebrfshir\u00eb n\u00eb akte kriminale. Lammel u shpreh se me r\u00ebnd\u00ebsi \u00ebsht\u00eb q\u00eb projektligji i opozit\u00ebs t\u00eb diskutohet n\u00eb Kuvend. [&hellip;]<\/p>\n","protected":false,"gt_translate_keys":[{"key":"rendered","format":"html"}]},"author":32,"featured_media":259373,"comment_status":"open","ping_status":"open","sticky":false,"template":"","format":"standard","meta":{"footnotes":""},"categories":[65,13],"tags":[],"class_list":["post-259372","post","type-post","status-publish","format-standard","has-post-thumbnail","hentry","category-lajme","category-te-fundit"],"gt_translate_keys":[{"key":"link","format":"url"}],"_links":{"self":[{"href":"https:\/\/www.hashtag.al\/index.php\/wp-json\/wp\/v2\/posts\/259372","targetHints":{"allow":["GET"]}}],"collection":[{"href":"https:\/\/www.hashtag.al\/index.php\/wp-json\/wp\/v2\/posts"}],"about":[{"href":"https:\/\/www.hashtag.al\/index.php\/wp-json\/wp\/v2\/types\/post"}],"author":[{"embeddable":true,"href":"https:\/\/www.hashtag.al\/index.php\/wp-json\/wp\/v2\/users\/32"}],"replies":[{"embeddable":true,"href":"https:\/\/www.hashtag.al\/index.php\/wp-json\/wp\/v2\/comments?post=259372"}],"version-history":[{"count":0,"href":"https:\/\/www.hashtag.al\/index.php\/wp-json\/wp\/v2\/posts\/259372\/revisions"}],"wp:featuredmedia":[{"embeddable":true,"href":"https:\/\/www.hashtag.al\/index.php\/wp-json\/wp\/v2\/media\/259373"}],"wp:attachment":[{"href":"https:\/\/www.hashtag.al\/index.php\/wp-json\/wp\/v2\/media?parent=259372"}],"wp:term":[{"taxonomy":"category","embeddable":true,"href":"https:\/\/www.hashtag.al\/index.php\/wp-json\/wp\/v2\/categories?post=259372"},{"taxonomy":"post_tag","embeddable":true,"href":"https:\/\/www.hashtag.al\/index.php\/wp-json\/wp\/v2\/tags?post=259372"}],"curies":[{"name":"wp","href":"https:\/\/api.w.org\/{rel}","templated":true}]}}