{"id":259366,"date":"2018-12-18T21:09:09","date_gmt":"2018-12-18T20:09:09","guid":{"rendered":"https:\/\/hashtag.al\/?p=259366"},"modified":"2018-12-18T21:26:45","modified_gmt":"2018-12-18T20:26:45","slug":"deputetet-e-mazhorances-rrezojne-projektligjin-e-lleshajt-per-policine","status":"publish","type":"post","link":"https:\/\/www.hashtag.al\/index.php\/2018\/12\/18\/deputetet-e-mazhorances-rrezojne-projektligjin-e-lleshajt-per-policine\/","title":{"rendered":"Deputet\u00ebt e mazhoranc\u00ebs rr\u00ebzojn\u00eb projektligjin e Lleshajt p\u00ebr policin\u00eb","gt_translate_keys":[{"key":"rendered","format":"text"}]},"content":{"rendered":"<p><img loading=\"lazy\" decoding=\"async\" class=\"aligncenter size-full wp-image-259367\" src=\"https:\/\/hashtag.al\/wp-content\/uploads\/2018\/12\/komisioni-per-sigurine.png\" alt=\"\" width=\"643\" height=\"348\" srcset=\"https:\/\/www.hashtag.al\/wp-content\/uploads\/2018\/12\/komisioni-per-sigurine.png 643w, https:\/\/www.hashtag.al\/wp-content\/uploads\/2018\/12\/komisioni-per-sigurine-300x162.png 300w\" sizes=\"auto, (max-width: 643px) 100vw, 643px\" \/><\/p>\n<p>Deputet\u00ebt e mazhoranc\u00ebs n\u00eb Komisionin e Siguris\u00eb Komb\u00ebtare rr\u00ebzuan shumic\u00ebn e ndryshimeve q\u00eb propozoheshin n\u00eb ligjin \u201cp\u00ebr Policin\u00eb e Shtetit\u201d, p\u00ebrfshir\u00eb edhe at\u00eb ku b\u00ebhej fjal\u00eb p\u00ebr pranimin p\u00ebr nevoja t\u00eb ve\u00e7anta t\u00eb ushtarak\u00ebve n\u00eb radh\u00ebt e uniformave blu.<\/p>\n<p>\u201cNuk mund t\u00eb lejojm\u00eb q\u00eb n\u00eb polici t\u00eb vij\u00eb kushdo. Kam respekt p\u00ebr ushtarak\u00ebt, por edhe polic\u00ebt jan\u00eb shum\u00eb t\u00eb shqet\u00ebsuar. Duhet p\u00ebrcaktuar kush dhe nga \u00e7\u2019pozicion\u201d, tha Pjerin Ndreu, depuetet i PS-s\u00eb.<\/p>\n<p>Deputet\u00ebt modifikuan nenin n\u00eb fjal\u00eb, duke i l\u00ebn\u00eb hap\u00ebsir\u00eb vet\u00ebm nj\u00eb kategorie t\u00eb caktuar ushtarak\u00ebsh, si xhenier apo nga forcat speciale q\u00eb mund t\u2019i bashkohen Policis\u00eb s\u00eb Shtetit. N\u00eb fakt, edhe ministri i Brendsh\u00ebm Sand\u00ebr Lleshaj tha se do t\u00eb rekrutohen n\u00eb polici vet\u00ebm efektiv\u00eb, p\u00ebr pozicione q\u00eb aktualisht nuk formohen dot nga Adademia e Siguris\u00eb.<\/p>\n<p>\u201cJam krenar q\u00eb vij nga ushtria dhe besoj q\u00eb ushtarak\u00ebt do ta pasurojn\u00eb policin\u00eb. P\u00ebr t\u00eb hequr merakun, nuk b\u00ebhet fjal\u00eb q\u00eb ushtarak\u00ebt do t\u00eb b\u00ebhen drejtor\u00eb. Q\u00ebllimi \u00ebsht\u00eb t\u00eb marrim specialist\u00eb dhe jo drejtues\u201d, tha Sand\u00ebr Lleshaj, minist\u00ebr i Brendsh\u00ebm.<\/p>\n<p>Komisioni i Siguris\u00eb rr\u00ebzoi edhe propozimet q\u00eb n\u00eb kriteret p\u00ebr em\u00ebrimin e drejtorit dhe zv.drejtorit t\u00eb P\u00ebrgjithsh\u00ebm t\u00eb Policis\u00eb s\u00eb Shtetit t\u00eb shtohej mund\u00ebsia q\u00eb ai t\u00eb zgjidhej edhe nga institucione t\u00eb tjera t\u00eb siguris\u00eb komb\u00ebtare, ku p\u00ebrshfihet edhe ushtria.<\/p>\n<p>&nbsp;<\/p>\n","protected":false,"gt_translate_keys":[{"key":"rendered","format":"html"}]},"excerpt":{"rendered":"<p>Deputet\u00ebt e mazhoranc\u00ebs n\u00eb Komisionin e Siguris\u00eb Komb\u00ebtare rr\u00ebzuan shumic\u00ebn e ndryshimeve q\u00eb propozoheshin n\u00eb ligjin \u201cp\u00ebr Policin\u00eb e Shtetit\u201d, p\u00ebrfshir\u00eb edhe at\u00eb ku b\u00ebhej fjal\u00eb p\u00ebr pranimin p\u00ebr nevoja t\u00eb ve\u00e7anta t\u00eb ushtarak\u00ebve n\u00eb radh\u00ebt e uniformave blu. \u201cNuk mund t\u00eb lejojm\u00eb q\u00eb n\u00eb polici t\u00eb vij\u00eb kushdo. Kam respekt p\u00ebr ushtarak\u00ebt, por edhe [&hellip;]<\/p>\n","protected":false,"gt_translate_keys":[{"key":"rendered","format":"html"}]},"author":32,"featured_media":259367,"comment_status":"open","ping_status":"open","sticky":false,"template":"","format":"standard","meta":{"footnotes":""},"categories":[65,13],"tags":[],"class_list":["post-259366","post","type-post","status-publish","format-standard","has-post-thumbnail","hentry","category-lajme","category-te-fundit"],"gt_translate_keys":[{"key":"link","format":"url"}],"_links":{"self":[{"href":"https:\/\/www.hashtag.al\/index.php\/wp-json\/wp\/v2\/posts\/259366","targetHints":{"allow":["GET"]}}],"collection":[{"href":"https:\/\/www.hashtag.al\/index.php\/wp-json\/wp\/v2\/posts"}],"about":[{"href":"https:\/\/www.hashtag.al\/index.php\/wp-json\/wp\/v2\/types\/post"}],"author":[{"embeddable":true,"href":"https:\/\/www.hashtag.al\/index.php\/wp-json\/wp\/v2\/users\/32"}],"replies":[{"embeddable":true,"href":"https:\/\/www.hashtag.al\/index.php\/wp-json\/wp\/v2\/comments?post=259366"}],"version-history":[{"count":0,"href":"https:\/\/www.hashtag.al\/index.php\/wp-json\/wp\/v2\/posts\/259366\/revisions"}],"wp:featuredmedia":[{"embeddable":true,"href":"https:\/\/www.hashtag.al\/index.php\/wp-json\/wp\/v2\/media\/259367"}],"wp:attachment":[{"href":"https:\/\/www.hashtag.al\/index.php\/wp-json\/wp\/v2\/media?parent=259366"}],"wp:term":[{"taxonomy":"category","embeddable":true,"href":"https:\/\/www.hashtag.al\/index.php\/wp-json\/wp\/v2\/categories?post=259366"},{"taxonomy":"post_tag","embeddable":true,"href":"https:\/\/www.hashtag.al\/index.php\/wp-json\/wp\/v2\/tags?post=259366"}],"curies":[{"name":"wp","href":"https:\/\/api.w.org\/{rel}","templated":true}]}}