{"id":259363,"date":"2018-12-18T20:49:11","date_gmt":"2018-12-18T19:49:11","guid":{"rendered":"https:\/\/hashtag.al\/?p=259363"},"modified":"2018-12-18T21:06:17","modified_gmt":"2018-12-18T20:06:17","slug":"mogherini-kunder-vendimeve-te-kosoves-te-hiqen-tarifat-ndaj-serbise-ushtria-te-krijohet-gradualisht","status":"publish","type":"post","link":"https:\/\/www.hashtag.al\/index.php\/2018\/12\/18\/mogherini-kunder-vendimeve-te-kosoves-te-hiqen-tarifat-ndaj-serbise-ushtria-te-krijohet-gradualisht\/","title":{"rendered":"Mogherini kund\u00ebr vendimeve t\u00eb Kosov\u00ebs: T\u00eb hiqen tarifat ndaj Serbis\u00eb, ushtria t\u00eb krijohet gradualisht","gt_translate_keys":[{"key":"rendered","format":"text"}]},"content":{"rendered":"<p><img loading=\"lazy\" decoding=\"async\" class=\"aligncenter size-full wp-image-259364\" src=\"https:\/\/hashtag.al\/wp-content\/uploads\/2018\/12\/mogherini-brnabic.jpg\" alt=\"\" width=\"770\" height=\"433\" srcset=\"https:\/\/www.hashtag.al\/wp-content\/uploads\/2018\/12\/mogherini-brnabic.jpg 770w, https:\/\/www.hashtag.al\/wp-content\/uploads\/2018\/12\/mogherini-brnabic-300x169.jpg 300w, https:\/\/www.hashtag.al\/wp-content\/uploads\/2018\/12\/mogherini-brnabic-768x432.jpg 768w\" sizes=\"auto, (max-width: 770px) 100vw, 770px\" \/><\/p>\n<p>P\u00ebrfaq\u00ebsuesja e Lart\u00eb e Bashkimit Evropian, Federica Mogherini \u00ebsht\u00eb shfaqur n\u00eb krah t\u00eb Serbis\u00eb n\u00eb q\u00ebndrimet e fundit lidhur me Kosov\u00ebn. Ajo tha sot n\u00eb Bruksel se Bashkimi Evropian k\u00ebrkon nga autoritetet n\u00eb Prishtin\u00eb t\u00eb heqin tarif\u00ebn prej 100 p\u00ebrqind p\u00ebr mallrat serbe.<\/p>\n<p>Komentet i b\u00ebri gjat\u00eb nj\u00eb konference p\u00ebr media q\u00eb mbajti me kryeministren e Serbis\u00eb, Ana B\u00ebrnabic, pas takimit t\u00eb K\u00ebshillit t\u00eb Stabilizim Asociimit me Serbin\u00eb.<\/p>\n<p>Mogherini deklaroi se \u00ebsht\u00eb q\u00ebndrim i BE-s\u00eb dhe NATO-s q\u00eb formimi i Ushtris\u00eb s\u00eb Kosov\u00ebs duhet t\u00eb jet\u00eb proces i pranuesh\u00ebm dhe gradual n\u00eb t\u00eb cilin duhet t\u00eb jen\u00eb t\u00eb p\u00ebrfshira gjitha pal\u00ebt.<\/p>\n<p>Sa i p\u00ebrket bisedimeve nd\u00ebrmjet Prishtin\u00ebs dhe Beogradit, kryediplomatja evropiane t\u00ebrhoqi v\u00ebrejtjen se \u00e7do alternativ\u00eb tjet\u00ebr p\u00ebrve\u00e7 dialogut \u201c\u00ebsht\u00eb e rrezikshme\u201d.<\/p>\n<p>N\u00eb an\u00ebn tjet\u00ebr, kryeministrja serbe, B\u00ebrnabic theksoi se veprimet e fundit t\u00eb Prishtin\u00ebs jan\u00eb \u201ck\u00ebrc\u00ebnimi m\u00eb i madh i stabilitetit dhe paq\u00ebs n\u00eb rajon\u201d.<\/p>\n<p>&nbsp;<\/p>\n","protected":false,"gt_translate_keys":[{"key":"rendered","format":"html"}]},"excerpt":{"rendered":"<p>P\u00ebrfaq\u00ebsuesja e Lart\u00eb e Bashkimit Evropian, Federica Mogherini \u00ebsht\u00eb shfaqur n\u00eb krah t\u00eb Serbis\u00eb n\u00eb q\u00ebndrimet e fundit lidhur me Kosov\u00ebn. Ajo tha sot n\u00eb Bruksel se Bashkimi Evropian k\u00ebrkon nga autoritetet n\u00eb Prishtin\u00eb t\u00eb heqin tarif\u00ebn prej 100 p\u00ebrqind p\u00ebr mallrat serbe. Komentet i b\u00ebri gjat\u00eb nj\u00eb konference p\u00ebr media q\u00eb mbajti me kryeministren [&hellip;]<\/p>\n","protected":false,"gt_translate_keys":[{"key":"rendered","format":"html"}]},"author":32,"featured_media":259364,"comment_status":"open","ping_status":"open","sticky":false,"template":"","format":"standard","meta":{"footnotes":""},"categories":[149],"tags":[],"class_list":["post-259363","post","type-post","status-publish","format-standard","has-post-thumbnail","hentry","category-kosoverajon"],"gt_translate_keys":[{"key":"link","format":"url"}],"_links":{"self":[{"href":"https:\/\/www.hashtag.al\/index.php\/wp-json\/wp\/v2\/posts\/259363","targetHints":{"allow":["GET"]}}],"collection":[{"href":"https:\/\/www.hashtag.al\/index.php\/wp-json\/wp\/v2\/posts"}],"about":[{"href":"https:\/\/www.hashtag.al\/index.php\/wp-json\/wp\/v2\/types\/post"}],"author":[{"embeddable":true,"href":"https:\/\/www.hashtag.al\/index.php\/wp-json\/wp\/v2\/users\/32"}],"replies":[{"embeddable":true,"href":"https:\/\/www.hashtag.al\/index.php\/wp-json\/wp\/v2\/comments?post=259363"}],"version-history":[{"count":0,"href":"https:\/\/www.hashtag.al\/index.php\/wp-json\/wp\/v2\/posts\/259363\/revisions"}],"wp:featuredmedia":[{"embeddable":true,"href":"https:\/\/www.hashtag.al\/index.php\/wp-json\/wp\/v2\/media\/259364"}],"wp:attachment":[{"href":"https:\/\/www.hashtag.al\/index.php\/wp-json\/wp\/v2\/media?parent=259363"}],"wp:term":[{"taxonomy":"category","embeddable":true,"href":"https:\/\/www.hashtag.al\/index.php\/wp-json\/wp\/v2\/categories?post=259363"},{"taxonomy":"post_tag","embeddable":true,"href":"https:\/\/www.hashtag.al\/index.php\/wp-json\/wp\/v2\/tags?post=259363"}],"curies":[{"name":"wp","href":"https:\/\/api.w.org\/{rel}","templated":true}]}}