{"id":259130,"date":"2018-12-17T17:22:39","date_gmt":"2018-12-17T16:22:39","guid":{"rendered":"https:\/\/hashtag.al\/?p=259130"},"modified":"2018-12-17T17:26:04","modified_gmt":"2018-12-17T16:26:04","slug":"tensione-mes-haradinajt-e-mogherini-it-per-taksen-ndaj-serbise-anulohet-konferenca-per-shtyp","status":"publish","type":"post","link":"https:\/\/www.hashtag.al\/index.php\/2018\/12\/17\/tensione-mes-haradinajt-e-mogherini-it-per-taksen-ndaj-serbise-anulohet-konferenca-per-shtyp\/","title":{"rendered":"Tensione mes Haradinajt e Mogherini-it p\u00ebr taks\u00ebn ndaj Serbis\u00eb, anulohet konferenca p\u00ebr shtyp","gt_translate_keys":[{"key":"rendered","format":"text"}]},"content":{"rendered":"<p><img loading=\"lazy\" decoding=\"async\" class=\"aligncenter size-full wp-image-259131\" src=\"https:\/\/hashtag.al\/wp-content\/uploads\/2018\/12\/haradinaj-3.png\" alt=\"\" width=\"650\" height=\"358\" srcset=\"https:\/\/www.hashtag.al\/wp-content\/uploads\/2018\/12\/haradinaj-3.png 650w, https:\/\/www.hashtag.al\/wp-content\/uploads\/2018\/12\/haradinaj-3-300x165.png 300w\" sizes=\"auto, (max-width: 650px) 100vw, 650px\" \/><\/p>\n<p><span style=\"color: #000000;\">Kryeministri i Kosov\u00ebs, Ramush Haradinaj, nuk ka l\u00ebshuar pe p\u00ebr sa i p\u00ebrket \u00a0taks\u00ebs 100% ndaj mallrave serbe, edhe pas takimit t\u00eb nivelit t\u00eb lart\u00eb me delegacionin e Bashkimit Evropian, n\u00eb krye t\u00eb t\u00eb cilit ishte shefja e politik\u00ebs s\u00eb jashtme t\u00eb BE-s\u00eb, Mogherini, nd\u00ebrsa pjes\u00eb e tij ishte edhe Komisioneri p\u00ebr Zgjerimin, Hahn. <\/span><\/p>\n<p><span style=\"color: #000000;\">Pas p\u00ebrfundimit t\u00eb takimit mes dy delegacioneve, pal\u00ebt kan\u00eb r\u00ebn\u00eb dakord q\u00eb t\u00eb mos ket\u00eb nj\u00eb konferenc\u00eb t\u00eb p\u00ebrbashk\u00ebt p\u00ebr shtyp. Njoftimi \u00ebsht\u00eb b\u00ebr\u00eb nga k\u00ebshilltari i kryeministrit t\u00eb Kosov\u00ebs, Avni Arifi.<\/span><\/p>\n<p><span style=\"color: #000000;\"><em>\u201cU mor\u00ebm vesh q\u00eb t\u00eb mos mbahet konferenca p\u00ebr shkak se dallimet jan\u00eb t\u00eb m\u00ebdha, taksa mbetet n\u00eb fuqi.\u201d<\/em> &#8211; tha ai.<\/span><\/p>\n<p><span style=\"color: #000000;\">N\u00eb fjal\u00ebn e tij, Haradinaj deklaroi se Kosova pret sinjale t\u00eb qarta nga ana e Bashkimit Evropian p\u00ebr sa i p\u00ebrket integrimit n\u00eb familjen evropiane nd\u00ebrsa theksoi se vendi mbetet i p\u00ebrkushtuar n\u00eb rrug\u00ebn e tij pavar\u00ebsisht pakujdesis\u00eb nga ana e BE-s\u00eb.<\/span><\/p>\n<p><img loading=\"lazy\" decoding=\"async\" class=\"aligncenter size-full wp-image-259133\" src=\"https:\/\/hashtag.al\/wp-content\/uploads\/2018\/12\/haradinaj2.jpg\" alt=\"\" width=\"650\" height=\"358\" srcset=\"https:\/\/www.hashtag.al\/wp-content\/uploads\/2018\/12\/haradinaj2.jpg 650w, https:\/\/www.hashtag.al\/wp-content\/uploads\/2018\/12\/haradinaj2-300x165.jpg 300w\" sizes=\"auto, (max-width: 650px) 100vw, 650px\" \/><\/p>\n","protected":false,"gt_translate_keys":[{"key":"rendered","format":"html"}]},"excerpt":{"rendered":"<p>Kryeministri i Kosov\u00ebs, Ramush Haradinaj, nuk ka l\u00ebshuar pe p\u00ebr sa i p\u00ebrket \u00a0taks\u00ebs 100% ndaj mallrave serbe, edhe pas takimit t\u00eb nivelit t\u00eb lart\u00eb me delegacionin e Bashkimit Evropian, n\u00eb krye t\u00eb t\u00eb cilit ishte shefja e politik\u00ebs s\u00eb jashtme t\u00eb BE-s\u00eb, Mogherini, nd\u00ebrsa pjes\u00eb e tij ishte edhe Komisioneri p\u00ebr Zgjerimin, Hahn. Pas [&hellip;]<\/p>\n","protected":false,"gt_translate_keys":[{"key":"rendered","format":"html"}]},"author":51,"featured_media":259132,"comment_status":"open","ping_status":"open","sticky":false,"template":"","format":"standard","meta":{"footnotes":""},"categories":[149,6],"tags":[],"class_list":["post-259130","post","type-post","status-publish","format-standard","has-post-thumbnail","hentry","category-kosoverajon","category-nderkombetare"],"gt_translate_keys":[{"key":"link","format":"url"}],"_links":{"self":[{"href":"https:\/\/www.hashtag.al\/index.php\/wp-json\/wp\/v2\/posts\/259130","targetHints":{"allow":["GET"]}}],"collection":[{"href":"https:\/\/www.hashtag.al\/index.php\/wp-json\/wp\/v2\/posts"}],"about":[{"href":"https:\/\/www.hashtag.al\/index.php\/wp-json\/wp\/v2\/types\/post"}],"author":[{"embeddable":true,"href":"https:\/\/www.hashtag.al\/index.php\/wp-json\/wp\/v2\/users\/51"}],"replies":[{"embeddable":true,"href":"https:\/\/www.hashtag.al\/index.php\/wp-json\/wp\/v2\/comments?post=259130"}],"version-history":[{"count":0,"href":"https:\/\/www.hashtag.al\/index.php\/wp-json\/wp\/v2\/posts\/259130\/revisions"}],"wp:featuredmedia":[{"embeddable":true,"href":"https:\/\/www.hashtag.al\/index.php\/wp-json\/wp\/v2\/media\/259132"}],"wp:attachment":[{"href":"https:\/\/www.hashtag.al\/index.php\/wp-json\/wp\/v2\/media?parent=259130"}],"wp:term":[{"taxonomy":"category","embeddable":true,"href":"https:\/\/www.hashtag.al\/index.php\/wp-json\/wp\/v2\/categories?post=259130"},{"taxonomy":"post_tag","embeddable":true,"href":"https:\/\/www.hashtag.al\/index.php\/wp-json\/wp\/v2\/tags?post=259130"}],"curies":[{"name":"wp","href":"https:\/\/api.w.org\/{rel}","templated":true}]}}