{"id":258498,"date":"2018-12-14T23:57:00","date_gmt":"2018-12-14T22:57:00","guid":{"rendered":"https:\/\/hashtag.al\/?p=258498"},"modified":"2018-12-14T22:44:48","modified_gmt":"2018-12-14T21:44:48","slug":"epidemia-e-ebolas-mbi-300-te-vdekur-ne-kongo","status":"publish","type":"post","link":"https:\/\/www.hashtag.al\/index.php\/2018\/12\/14\/epidemia-e-ebolas-mbi-300-te-vdekur-ne-kongo\/","title":{"rendered":"Epidemia e Ebolas, mbi 300 t\u00eb vdekur n\u00eb Kongo","gt_translate_keys":[{"key":"rendered","format":"text"}]},"content":{"rendered":"<p><img loading=\"lazy\" decoding=\"async\" class=\"aligncenter size-full wp-image-221658\" src=\"https:\/\/hashtag.al\/wp-content\/uploads\/2018\/08\/Ebola.jpg\" alt=\"\" width=\"780\" height=\"438\" \/><\/p>\n<p>M\u00eb shum\u00eb se 300 vet\u00eb kan\u00eb vdekur nga epidemia e Ebol\u00ebs n\u00eb lindje t\u00eb Republik\u00ebs Demokratike t\u00eb Kongos, njoftuan sot sh\u00ebrbimet spitalore t\u00eb vendit.<\/p>\n<p>\u201cPrej epidemis\u00eb kan\u00eb vdekur 303 njer\u00ebz, nd\u00ebrkaq 179 jan\u00eb sh\u00ebruar, duke p\u00ebrfshir\u00eb edhe nj\u00eb foshnje\u201d njoftoi Ministria e Sh\u00ebndet\u00ebsis\u00eb.<\/p>\n<p>Kjo \u00ebsht\u00eb epidemia e dhjet\u00eb e k\u00ebsaj s\u00ebmundje n\u00eb Kongo q\u00eb nga viti 1976.<\/p>\n<p>N\u00eb epidemin\u00eb e parafundit n\u00eb Kongo humb\u00ebn jet\u00ebn 33 njer\u00ebz. Fundi i k\u00ebsaj epidemia u shpall\u00eb n\u00eb fund t\u00eb korrikut mir\u00ebpo vet\u00ebm nj\u00eb jav\u00eb m\u00eb pas u paraqit nj\u00eb epidemi e re n\u00eb nj\u00eb pjes\u00eb Kongos.<\/p>\n<p>N\u00eb vitin 2013 n\u00eb Afrik\u00ebn per\u00ebndimore vdiq\u00ebn m\u00eb shum\u00eb se 11 mij\u00eb e 300 njer\u00ebz, m\u00eb s\u00eb shumti n\u00eb Guine, Sierra Leone, dhe Liberi.<\/p>\n<p>Ebola \u00ebsht\u00eb nj\u00eb lloj s\u00ebmundjes s\u00eb etheve hemoragjike, shum\u00eb ngjit\u00ebse.<\/p>\n<p>S\u00ebmundja shoq\u00ebrohet me dhimbje t\u00eb muskujve, kok\u00ebs dhe trupit, rritje t\u00eb papritur t\u00eb temperatur\u00ebs dhe ndonj\u00ebher\u00eb edhe m\u00eb gjakderdhje.<\/p>\n<p>&nbsp;<\/p>\n","protected":false,"gt_translate_keys":[{"key":"rendered","format":"html"}]},"excerpt":{"rendered":"<p>M\u00eb shum\u00eb se 300 vet\u00eb kan\u00eb vdekur nga epidemia e Ebol\u00ebs n\u00eb lindje t\u00eb Republik\u00ebs Demokratike t\u00eb Kongos, njoftuan sot sh\u00ebrbimet spitalore t\u00eb vendit. \u201cPrej epidemis\u00eb kan\u00eb vdekur 303 njer\u00ebz, nd\u00ebrkaq 179 jan\u00eb sh\u00ebruar, duke p\u00ebrfshir\u00eb edhe nj\u00eb foshnje\u201d njoftoi Ministria e Sh\u00ebndet\u00ebsis\u00eb. Kjo \u00ebsht\u00eb epidemia e dhjet\u00eb e k\u00ebsaj s\u00ebmundje n\u00eb Kongo q\u00eb nga [&hellip;]<\/p>\n","protected":false,"gt_translate_keys":[{"key":"rendered","format":"html"}]},"author":32,"featured_media":221658,"comment_status":"open","ping_status":"open","sticky":false,"template":"","format":"standard","meta":{"footnotes":""},"categories":[6],"tags":[],"class_list":["post-258498","post","type-post","status-publish","format-standard","has-post-thumbnail","hentry","category-nderkombetare"],"gt_translate_keys":[{"key":"link","format":"url"}],"_links":{"self":[{"href":"https:\/\/www.hashtag.al\/index.php\/wp-json\/wp\/v2\/posts\/258498","targetHints":{"allow":["GET"]}}],"collection":[{"href":"https:\/\/www.hashtag.al\/index.php\/wp-json\/wp\/v2\/posts"}],"about":[{"href":"https:\/\/www.hashtag.al\/index.php\/wp-json\/wp\/v2\/types\/post"}],"author":[{"embeddable":true,"href":"https:\/\/www.hashtag.al\/index.php\/wp-json\/wp\/v2\/users\/32"}],"replies":[{"embeddable":true,"href":"https:\/\/www.hashtag.al\/index.php\/wp-json\/wp\/v2\/comments?post=258498"}],"version-history":[{"count":0,"href":"https:\/\/www.hashtag.al\/index.php\/wp-json\/wp\/v2\/posts\/258498\/revisions"}],"wp:featuredmedia":[{"embeddable":true,"href":"https:\/\/www.hashtag.al\/index.php\/wp-json\/"}],"wp:attachment":[{"href":"https:\/\/www.hashtag.al\/index.php\/wp-json\/wp\/v2\/media?parent=258498"}],"wp:term":[{"taxonomy":"category","embeddable":true,"href":"https:\/\/www.hashtag.al\/index.php\/wp-json\/wp\/v2\/categories?post=258498"},{"taxonomy":"post_tag","embeddable":true,"href":"https:\/\/www.hashtag.al\/index.php\/wp-json\/wp\/v2\/tags?post=258498"}],"curies":[{"name":"wp","href":"https:\/\/api.w.org\/{rel}","templated":true}]}}