{"id":258407,"date":"2018-12-14T17:02:14","date_gmt":"2018-12-14T16:02:14","guid":{"rendered":"https:\/\/hashtag.al\/?p=258407"},"modified":"2018-12-14T17:09:21","modified_gmt":"2018-12-14T16:09:21","slug":"denohet-me-burg-ish-kreu-i-ikm-te-fatmir-meta","status":"publish","type":"post","link":"https:\/\/www.hashtag.al\/index.php\/2018\/12\/14\/denohet-me-burg-ish-kreu-i-ikm-te-fatmir-meta\/","title":{"rendered":"D\u00ebnohet me burg ish-kreu i IKM-t\u00eb, Fatmir Metaj","gt_translate_keys":[{"key":"rendered","format":"text"}]},"content":{"rendered":"<p><img loading=\"lazy\" decoding=\"async\" class=\"aligncenter size-full wp-image-258410\" src=\"https:\/\/hashtag.al\/wp-content\/uploads\/2018\/12\/metaj-5.png\" alt=\"\" width=\"780\" height=\"405\" srcset=\"https:\/\/www.hashtag.al\/wp-content\/uploads\/2018\/12\/metaj-5.png 780w, https:\/\/www.hashtag.al\/wp-content\/uploads\/2018\/12\/metaj-5-300x156.png 300w, https:\/\/www.hashtag.al\/wp-content\/uploads\/2018\/12\/metaj-5-768x399.png 768w\" sizes=\"auto, (max-width: 780px) 100vw, 780px\" \/><\/p>\n<p><span style=\"color: #000000;\">Dit\u00ebn e sotme Gjykata e Tiran\u00ebs ka dh\u00ebn\u00eb vendmin p\u00ebr ish-drejtorin e\u00a0 IKMT-s\u00eb, Fatmir Metaj. Nga kjo gjykat\u00eb ai u d\u00ebnua me 1 vit e 3 muaj burg. Ai akuzohet p\u00ebr shp\u00ebrdorim detyre, lidhur me shembjen e kat\u00ebr objekteve n\u00eb Tiran\u00eb e Vaqarr.<\/span><\/p>\n<p><span style=\"color: #000000;\">Sipas prokuroris\u00eb k\u00ebto objekte nuk duhet t\u00eb ishin prishur pasi nj\u00eb prej tyre ishte i pajisur me leje dhe tre t\u00eb tjer\u00ebt n\u00eb proces legalizimi \u00e7ka pamund\u00ebsonte zbatimin e procedur\u00ebs s\u00eb ndjekur nga IKMT p\u00ebr prishje. Objektet e prishura kan\u00eb qen\u00eb t\u00eb nd\u00ebrtuara n\u00eb rrug\u00ebn \u2018Mihal Grameno\u2019, p\u00ebrgjat\u00eb rrug\u00ebs s\u00eb Vaqarrit dhe n\u00eb ish \u201cUzin\u00ebn Enver\u201d.<\/span><\/p>\n<p>&nbsp;<\/p>\n","protected":false,"gt_translate_keys":[{"key":"rendered","format":"html"}]},"excerpt":{"rendered":"<p>Dit\u00ebn e sotme Gjykata e Tiran\u00ebs ka dh\u00ebn\u00eb vendmin p\u00ebr ish-drejtorin e\u00a0 IKMT-s\u00eb, Fatmir Metaj. Nga kjo gjykat\u00eb ai u d\u00ebnua me 1 vit e 3 muaj burg. Ai akuzohet p\u00ebr shp\u00ebrdorim detyre, lidhur me shembjen e kat\u00ebr objekteve n\u00eb Tiran\u00eb e Vaqarr. Sipas prokuroris\u00eb k\u00ebto objekte nuk duhet t\u00eb ishin prishur pasi nj\u00eb prej [&hellip;]<\/p>\n","protected":false,"gt_translate_keys":[{"key":"rendered","format":"html"}]},"author":51,"featured_media":258410,"comment_status":"open","ping_status":"open","sticky":false,"template":"","format":"standard","meta":{"footnotes":""},"categories":[65],"tags":[],"class_list":["post-258407","post","type-post","status-publish","format-standard","has-post-thumbnail","hentry","category-lajme"],"gt_translate_keys":[{"key":"link","format":"url"}],"_links":{"self":[{"href":"https:\/\/www.hashtag.al\/index.php\/wp-json\/wp\/v2\/posts\/258407","targetHints":{"allow":["GET"]}}],"collection":[{"href":"https:\/\/www.hashtag.al\/index.php\/wp-json\/wp\/v2\/posts"}],"about":[{"href":"https:\/\/www.hashtag.al\/index.php\/wp-json\/wp\/v2\/types\/post"}],"author":[{"embeddable":true,"href":"https:\/\/www.hashtag.al\/index.php\/wp-json\/wp\/v2\/users\/51"}],"replies":[{"embeddable":true,"href":"https:\/\/www.hashtag.al\/index.php\/wp-json\/wp\/v2\/comments?post=258407"}],"version-history":[{"count":0,"href":"https:\/\/www.hashtag.al\/index.php\/wp-json\/wp\/v2\/posts\/258407\/revisions"}],"wp:featuredmedia":[{"embeddable":true,"href":"https:\/\/www.hashtag.al\/index.php\/wp-json\/wp\/v2\/media\/258410"}],"wp:attachment":[{"href":"https:\/\/www.hashtag.al\/index.php\/wp-json\/wp\/v2\/media?parent=258407"}],"wp:term":[{"taxonomy":"category","embeddable":true,"href":"https:\/\/www.hashtag.al\/index.php\/wp-json\/wp\/v2\/categories?post=258407"},{"taxonomy":"post_tag","embeddable":true,"href":"https:\/\/www.hashtag.al\/index.php\/wp-json\/wp\/v2\/tags?post=258407"}],"curies":[{"name":"wp","href":"https:\/\/api.w.org\/{rel}","templated":true}]}}