{"id":258183,"date":"2018-12-13T19:11:20","date_gmt":"2018-12-13T18:11:20","guid":{"rendered":"https:\/\/hashtag.al\/?p=258183"},"modified":"2018-12-13T19:15:44","modified_gmt":"2018-12-13T18:15:44","slug":"perplasje-mes-policise-dhe-studenteve-te-kryeministria-video","status":"publish","type":"post","link":"https:\/\/www.hashtag.al\/index.php\/2018\/12\/13\/perplasje-mes-policise-dhe-studenteve-te-kryeministria-video\/","title":{"rendered":"P\u00ebrplasje mes policis\u00eb dhe student\u00ebve te Kryeministria (VIDEO)","gt_translate_keys":[{"key":"rendered","format":"text"}]},"content":{"rendered":"<p><img loading=\"lazy\" decoding=\"async\" class=\"alignnone size-full wp-image-258185\" src=\"https:\/\/hashtag.al\/wp-content\/uploads\/2018\/12\/studentet-5-2.jpg\" alt=\"\" width=\"640\" height=\"352\" srcset=\"https:\/\/www.hashtag.al\/wp-content\/uploads\/2018\/12\/studentet-5-2.jpg 640w, https:\/\/www.hashtag.al\/wp-content\/uploads\/2018\/12\/studentet-5-2-300x165.jpg 300w\" sizes=\"auto, (max-width: 640px) 100vw, 640px\" \/><\/p>\n<p><span style=\"color: #000000;\">Ende student\u00ebt protestojn\u00eb para Kryeminstris\u00eb dhe nuk pranojn\u00eb t\u00eb negociojn\u00eb me kryeministrin Rama.\u00a0 Nd\u00ebrsa ata vijojn\u00eb protest\u00ebn e tyre n\u00eb dit\u00ebn e 9-t\u00eb, mbr\u00ebmjen e sotme \u00ebsht\u00eb zhvilluar nj\u00eb incident mes tyre dhe policis\u00eb.<\/span><\/p>\n<p><span style=\"color: #000000;\">Shkak i k\u00ebtij incidenti \u00ebsht\u00eb jan\u00eb b\u00ebr\u00eb drut\u00eb, n\u00eb t\u00eb cilat u soll\u00ebn nga student\u00ebt p\u00ebr t\u2019u ngrohur. \u00a0Pas k\u00ebtij momenti, student\u00ebt jan\u00eb p\u00ebrplasur me policin\u00eb.<\/span><\/p>\n<p><strong>VIDEO marr\u00eb nga Ballkan web:<\/strong><\/p>\n<p><iframe loading=\"lazy\" title=\"Tensione tek kryeministria, p\u00ebrplasen student\u00ebt me policin\u00eb\" width=\"1170\" height=\"658\" src=\"https:\/\/www.youtube.com\/embed\/8cwmne8Q2pw?feature=oembed\" frameborder=\"0\" allow=\"accelerometer; autoplay; clipboard-write; encrypted-media; gyroscope; picture-in-picture\" allowfullscreen><\/iframe><\/p>\n","protected":false,"gt_translate_keys":[{"key":"rendered","format":"html"}]},"excerpt":{"rendered":"<p>Ende student\u00ebt protestojn\u00eb para Kryeminstris\u00eb dhe nuk pranojn\u00eb t\u00eb negociojn\u00eb me kryeministrin Rama.\u00a0 Nd\u00ebrsa ata vijojn\u00eb protest\u00ebn e tyre n\u00eb dit\u00ebn e 9-t\u00eb, mbr\u00ebmjen e sotme \u00ebsht\u00eb zhvilluar nj\u00eb incident mes tyre dhe policis\u00eb. Shkak i k\u00ebtij incidenti \u00ebsht\u00eb jan\u00eb b\u00ebr\u00eb drut\u00eb, n\u00eb t\u00eb cilat u soll\u00ebn nga student\u00ebt p\u00ebr t\u2019u ngrohur. \u00a0Pas k\u00ebtij momenti, [&hellip;]<\/p>\n","protected":false,"gt_translate_keys":[{"key":"rendered","format":"html"}]},"author":30,"featured_media":258185,"comment_status":"open","ping_status":"open","sticky":false,"template":"","format":"standard","meta":{"footnotes":""},"categories":[65],"tags":[],"class_list":["post-258183","post","type-post","status-publish","format-standard","has-post-thumbnail","hentry","category-lajme"],"gt_translate_keys":[{"key":"link","format":"url"}],"_links":{"self":[{"href":"https:\/\/www.hashtag.al\/index.php\/wp-json\/wp\/v2\/posts\/258183","targetHints":{"allow":["GET"]}}],"collection":[{"href":"https:\/\/www.hashtag.al\/index.php\/wp-json\/wp\/v2\/posts"}],"about":[{"href":"https:\/\/www.hashtag.al\/index.php\/wp-json\/wp\/v2\/types\/post"}],"author":[{"embeddable":true,"href":"https:\/\/www.hashtag.al\/index.php\/wp-json\/wp\/v2\/users\/30"}],"replies":[{"embeddable":true,"href":"https:\/\/www.hashtag.al\/index.php\/wp-json\/wp\/v2\/comments?post=258183"}],"version-history":[{"count":0,"href":"https:\/\/www.hashtag.al\/index.php\/wp-json\/wp\/v2\/posts\/258183\/revisions"}],"wp:featuredmedia":[{"embeddable":true,"href":"https:\/\/www.hashtag.al\/index.php\/wp-json\/wp\/v2\/media\/258185"}],"wp:attachment":[{"href":"https:\/\/www.hashtag.al\/index.php\/wp-json\/wp\/v2\/media?parent=258183"}],"wp:term":[{"taxonomy":"category","embeddable":true,"href":"https:\/\/www.hashtag.al\/index.php\/wp-json\/wp\/v2\/categories?post=258183"},{"taxonomy":"post_tag","embeddable":true,"href":"https:\/\/www.hashtag.al\/index.php\/wp-json\/wp\/v2\/tags?post=258183"}],"curies":[{"name":"wp","href":"https:\/\/api.w.org\/{rel}","templated":true}]}}