{"id":258177,"date":"2018-12-13T18:39:58","date_gmt":"2018-12-13T17:39:58","guid":{"rendered":"https:\/\/hashtag.al\/?p=258177"},"modified":"2018-12-13T19:06:03","modified_gmt":"2018-12-13T18:06:03","slug":"me-video-ik-ik-studentet-perzene-nga-protesta-gazetaren-e-top-channel","status":"publish","type":"post","link":"https:\/\/www.hashtag.al\/index.php\/2018\/12\/13\/me-video-ik-ik-studentet-perzene-nga-protesta-gazetaren-e-top-channel\/","title":{"rendered":"ME VIDEO\/&#8221; Ik, ik&#8221;, student\u00ebt p\u00ebrz\u00ebn\u00eb nga protesta gazetaren e Top Channel","gt_translate_keys":[{"key":"rendered","format":"text"}]},"content":{"rendered":"<p><img loading=\"lazy\" decoding=\"async\" class=\"alignnone size-full wp-image-258179\" src=\"https:\/\/hashtag.al\/wp-content\/uploads\/2018\/12\/studentet-6.png\" alt=\"\" width=\"527\" height=\"419\" srcset=\"https:\/\/www.hashtag.al\/wp-content\/uploads\/2018\/12\/studentet-6.png 527w, https:\/\/www.hashtag.al\/wp-content\/uploads\/2018\/12\/studentet-6-300x239.png 300w\" sizes=\"auto, (max-width: 527px) 100vw, 527px\" \/><\/p>\n<p>T\u00eb vendosur ende jan\u00eb student\u00ebt p\u00ebr t\u00eb mosnegociuar me kryeministrin Rama dhe k\u00ebrkojn\u00eb plot\u00ebsimin e k\u00ebrkesave t\u00eb tyre.\u00a0 Student\u00ebt nuk kan\u00eb dashur t\u00eb japin intervist\u00eb p\u00ebr &#8220;Top Channel&#8221; pasi sipas tyre nuk i ka mb\u00ebshtur kjo media n\u00eb protest\u00eb.<\/p>\n<p>Me thirrjet \u201c ik, ik, ik\u201d, operatorja dhe gazetarja e k\u00ebtij televizioni jan\u00eb larguar nga protesta e student\u00ebve.<\/p>\n<p>Kujtojm\u00eb q\u00eb pak dit\u00eb m\u00eb par\u00eb\u00a0kryeministri Rama ishte i ftuar n\u00eb &#8220;Top Show&#8221; dhe u akuza se p\u00ebrball\u00eb si student\u00eb kishte rinin\u00eb e FRESSH-it.<\/p>\n<p>&nbsp;<\/p>\n<p><iframe loading=\"lazy\" style=\"border: none; overflow: hidden;\" src=\"https:\/\/www.facebook.com\/plugins\/video.php?href=https%3A%2F%2Fwww.facebook.com%2Fjoqalbaniacom%2Fvideos%2F127700001488720%2F&amp;show_text=0&amp;width=560\" width=\"560\" height=\"315\" frameborder=\"0\" scrolling=\"no\" allowfullscreen=\"allowfullscreen\"><\/iframe><\/p>\n","protected":false,"gt_translate_keys":[{"key":"rendered","format":"html"}]},"excerpt":{"rendered":"<p>T\u00eb vendosur ende jan\u00eb student\u00ebt p\u00ebr t\u00eb mosnegociuar me kryeministrin Rama dhe k\u00ebrkojn\u00eb plot\u00ebsimin e k\u00ebrkesave t\u00eb tyre.\u00a0 Student\u00ebt nuk kan\u00eb dashur t\u00eb japin intervist\u00eb p\u00ebr &#8220;Top Channel&#8221; pasi sipas tyre nuk i ka mb\u00ebshtur kjo media n\u00eb protest\u00eb. Me thirrjet \u201c ik, ik, ik\u201d, operatorja dhe gazetarja e k\u00ebtij televizioni jan\u00eb larguar nga protesta [&hellip;]<\/p>\n","protected":false,"gt_translate_keys":[{"key":"rendered","format":"html"}]},"author":30,"featured_media":258179,"comment_status":"open","ping_status":"open","sticky":false,"template":"","format":"standard","meta":{"footnotes":""},"categories":[65],"tags":[],"class_list":["post-258177","post","type-post","status-publish","format-standard","has-post-thumbnail","hentry","category-lajme"],"gt_translate_keys":[{"key":"link","format":"url"}],"_links":{"self":[{"href":"https:\/\/www.hashtag.al\/index.php\/wp-json\/wp\/v2\/posts\/258177","targetHints":{"allow":["GET"]}}],"collection":[{"href":"https:\/\/www.hashtag.al\/index.php\/wp-json\/wp\/v2\/posts"}],"about":[{"href":"https:\/\/www.hashtag.al\/index.php\/wp-json\/wp\/v2\/types\/post"}],"author":[{"embeddable":true,"href":"https:\/\/www.hashtag.al\/index.php\/wp-json\/wp\/v2\/users\/30"}],"replies":[{"embeddable":true,"href":"https:\/\/www.hashtag.al\/index.php\/wp-json\/wp\/v2\/comments?post=258177"}],"version-history":[{"count":0,"href":"https:\/\/www.hashtag.al\/index.php\/wp-json\/wp\/v2\/posts\/258177\/revisions"}],"wp:featuredmedia":[{"embeddable":true,"href":"https:\/\/www.hashtag.al\/index.php\/wp-json\/wp\/v2\/media\/258179"}],"wp:attachment":[{"href":"https:\/\/www.hashtag.al\/index.php\/wp-json\/wp\/v2\/media?parent=258177"}],"wp:term":[{"taxonomy":"category","embeddable":true,"href":"https:\/\/www.hashtag.al\/index.php\/wp-json\/wp\/v2\/categories?post=258177"},{"taxonomy":"post_tag","embeddable":true,"href":"https:\/\/www.hashtag.al\/index.php\/wp-json\/wp\/v2\/tags?post=258177"}],"curies":[{"name":"wp","href":"https:\/\/api.w.org\/{rel}","templated":true}]}}