{"id":258161,"date":"2018-12-13T17:41:15","date_gmt":"2018-12-13T16:41:15","guid":{"rendered":"https:\/\/hashtag.al\/?p=258161"},"modified":"2018-12-13T17:43:12","modified_gmt":"2018-12-13T16:43:12","slug":"rama-e-thote-hapur-dekani-kerkon-makine-76-mije-euro","status":"publish","type":"post","link":"https:\/\/www.hashtag.al\/index.php\/2018\/12\/13\/rama-e-thote-hapur-dekani-kerkon-makine-76-mije-euro\/","title":{"rendered":"Rama e thot\u00eb hapur: Dekani k\u00ebrkon makin\u00eb 76 mij\u00eb euro","gt_translate_keys":[{"key":"rendered","format":"text"}]},"content":{"rendered":"<p><img loading=\"lazy\" decoding=\"async\" class=\"alignnone wp-image-258162\" src=\"https:\/\/hashtag.al\/wp-content\/uploads\/2018\/12\/rama-duhet-1.png\" alt=\"\" width=\"721\" height=\"365\" srcset=\"https:\/\/www.hashtag.al\/wp-content\/uploads\/2018\/12\/rama-duhet-1.png 464w, https:\/\/www.hashtag.al\/wp-content\/uploads\/2018\/12\/rama-duhet-1-300x152.png 300w\" sizes=\"auto, (max-width: 721px) 100vw, 721px\" \/><\/p>\n<p><span style=\"color: #000000;\">Gjat\u00eb fjal\u00ebs s\u00eb tij kryeministri Edi Rama teksa ka kritikuar dekan\u00ebt dhe rektor\u00ebt \u00ebsht\u00eb shprehur se nj\u00eb dekan k\u00ebrkon nga shteti makin\u00eb me nj\u00eb vler\u00eb\u00a076 mij\u00eb euro. \u201cDekani k\u00ebrkon vetur\u00eb 76 mij\u00eb euro. K\u00ebto gj\u00ebra duhet ti din\u00eb t\u00eb tjer\u00ebt\u00a0 prandaj po i them.&#8221;, u shpreh Rama.\u00a0<\/span><\/p>\n<p><span style=\"color: #000000;\">Rama theksoi se dekan\u00ebt dhe rektor\u00ebt jan\u00eb fsheshur, ua kan\u00eb mbyllur dyert student\u00ebve dhe i kan\u00eb detyruar t\u00eb dalin n\u00eb rrug\u00eb.<\/span><\/p>\n<p><span style=\"color: #000000;\">\u201cKjo protest\u00eb lidhet n\u00eb rradh\u00eb t\u00eb par\u00eb me ju. Rirrtja\u00a0 e tarifave jan\u00eb p\u00ebrgjegj\u00ebsi e univestieteve dhe \u00ebsht\u00eb me p\u00ebrgjegj\u00ebsi p\u00ebr t\u2019i pranuar. Student\u00ebt nuk ka informacion. \u00c7far\u00eb i kushton secilit prej jush q\u00eb senati akademik t\u00eb funksionoj\u00eb?<\/span><\/p>\n<p><span style=\"color: #000000;\">Ligji i ri n\u00eb Arsimin e Lart\u00eb i ka dh\u00ebn\u00eb nj\u00eb autonomi univesiteteve. Nuk mund t\u201di zgjidh\u00eb t\u00eb gjitha gj\u00ebrat kryeministri. Univesiteti ka autonomi. N\u00ebse ka ardhur dita q\u00eb ju t\u00eb fshiheni, ju duhet t\u2019u b\u00ebni ball\u00eb atyre. Ju i mbyllni dyert dhe i detyroni t\u00eb dalin n\u00eb rrug\u00eb. Kjo q\u00eb po ndodh \u00ebsht\u00eb nj\u00eb arratisje nga p\u00ebrgjegj\u00ebsia\u201d, u shpreh ai.<\/span><\/p>\n<p><img loading=\"lazy\" decoding=\"async\" class=\"alignnone size-full wp-image-258150\" src=\"https:\/\/hashtag.al\/wp-content\/uploads\/2018\/12\/rama-66.png\" alt=\"\" width=\"480\" height=\"265\" srcset=\"https:\/\/www.hashtag.al\/wp-content\/uploads\/2018\/12\/rama-66.png 480w, https:\/\/www.hashtag.al\/wp-content\/uploads\/2018\/12\/rama-66-300x166.png 300w\" sizes=\"auto, (max-width: 480px) 100vw, 480px\" \/><\/p>\n","protected":false,"gt_translate_keys":[{"key":"rendered","format":"html"}]},"excerpt":{"rendered":"<p>Gjat\u00eb fjal\u00ebs s\u00eb tij kryeministri Edi Rama teksa ka kritikuar dekan\u00ebt dhe rektor\u00ebt \u00ebsht\u00eb shprehur se nj\u00eb dekan k\u00ebrkon nga shteti makin\u00eb me nj\u00eb vler\u00eb\u00a076 mij\u00eb euro. \u201cDekani k\u00ebrkon vetur\u00eb 76 mij\u00eb euro. K\u00ebto gj\u00ebra duhet ti din\u00eb t\u00eb tjer\u00ebt\u00a0 prandaj po i them.&#8221;, u shpreh Rama.\u00a0 Rama theksoi se dekan\u00ebt dhe rektor\u00ebt jan\u00eb fsheshur, [&hellip;]<\/p>\n","protected":false,"gt_translate_keys":[{"key":"rendered","format":"html"}]},"author":30,"featured_media":258162,"comment_status":"open","ping_status":"open","sticky":false,"template":"","format":"standard","meta":{"footnotes":""},"categories":[65],"tags":[],"class_list":["post-258161","post","type-post","status-publish","format-standard","has-post-thumbnail","hentry","category-lajme"],"gt_translate_keys":[{"key":"link","format":"url"}],"_links":{"self":[{"href":"https:\/\/www.hashtag.al\/index.php\/wp-json\/wp\/v2\/posts\/258161","targetHints":{"allow":["GET"]}}],"collection":[{"href":"https:\/\/www.hashtag.al\/index.php\/wp-json\/wp\/v2\/posts"}],"about":[{"href":"https:\/\/www.hashtag.al\/index.php\/wp-json\/wp\/v2\/types\/post"}],"author":[{"embeddable":true,"href":"https:\/\/www.hashtag.al\/index.php\/wp-json\/wp\/v2\/users\/30"}],"replies":[{"embeddable":true,"href":"https:\/\/www.hashtag.al\/index.php\/wp-json\/wp\/v2\/comments?post=258161"}],"version-history":[{"count":0,"href":"https:\/\/www.hashtag.al\/index.php\/wp-json\/wp\/v2\/posts\/258161\/revisions"}],"wp:featuredmedia":[{"embeddable":true,"href":"https:\/\/www.hashtag.al\/index.php\/wp-json\/wp\/v2\/media\/258162"}],"wp:attachment":[{"href":"https:\/\/www.hashtag.al\/index.php\/wp-json\/wp\/v2\/media?parent=258161"}],"wp:term":[{"taxonomy":"category","embeddable":true,"href":"https:\/\/www.hashtag.al\/index.php\/wp-json\/wp\/v2\/categories?post=258161"},{"taxonomy":"post_tag","embeddable":true,"href":"https:\/\/www.hashtag.al\/index.php\/wp-json\/wp\/v2\/tags?post=258161"}],"curies":[{"name":"wp","href":"https:\/\/api.w.org\/{rel}","templated":true}]}}