{"id":257939,"date":"2018-12-13T07:49:49","date_gmt":"2018-12-13T06:49:49","guid":{"rendered":"https:\/\/hashtag.al\/?p=257939"},"modified":"2018-12-13T07:53:55","modified_gmt":"2018-12-13T06:53:55","slug":"dhjetori-i-dyte-vazhdon-studentet-sot-pershkallezojne-protesten","status":"publish","type":"post","link":"https:\/\/www.hashtag.al\/index.php\/2018\/12\/13\/dhjetori-i-dyte-vazhdon-studentet-sot-pershkallezojne-protesten\/","title":{"rendered":"&#8220;Dhjetori i dyt\u00eb vazhdon&#8221;, student\u00ebt sot p\u00ebrshkall\u00ebzojn\u00eb protest\u00ebn","gt_translate_keys":[{"key":"rendered","format":"text"}]},"content":{"rendered":"<p><img loading=\"lazy\" decoding=\"async\" class=\"aligncenter size-full wp-image-257943\" src=\"https:\/\/hashtag.al\/wp-content\/uploads\/2018\/12\/PROTESTA-STUDENTE.jpg\" alt=\"\" width=\"2000\" height=\"1008\" srcset=\"https:\/\/www.hashtag.al\/wp-content\/uploads\/2018\/12\/PROTESTA-STUDENTE.jpg 2000w, https:\/\/www.hashtag.al\/wp-content\/uploads\/2018\/12\/PROTESTA-STUDENTE-300x151.jpg 300w, https:\/\/www.hashtag.al\/wp-content\/uploads\/2018\/12\/PROTESTA-STUDENTE-768x387.jpg 768w, https:\/\/www.hashtag.al\/wp-content\/uploads\/2018\/12\/PROTESTA-STUDENTE-1024x516.jpg 1024w\" sizes=\"auto, (max-width: 2000px) 100vw, 2000px\" \/><\/p>\n<p><span style=\"color: #000000;\">Dit\u00ebn e sotme student\u00ebt paralajm\u00ebrojn\u00eb p\u00ebrshkall\u00ebzim t\u00eb protest\u00ebs s\u00eb tyre, q\u00eb sot zhvendoset te godina e Parlamentit.<\/span><\/p>\n<p><span style=\"color: #000000;\">Derisa seanca parlamentare t\u00eb mbaroj\u00eb, student\u00ebt do t\u00eb q\u00ebndrojn\u00eb aty dhe m\u00eb pas do t\u00eb zhvendosen drejt godin\u00ebs s\u00eb Kryeministris\u00eb.<\/span><\/p>\n<p><span style=\"color: #000000;\"><em>\u201cDhjetori i dyt\u00eb vazhdon\u201d,<\/em> shkruajn\u00eb student\u00ebt n\u00eb lajm\u00ebrimet e tyre n\u00eb rrjet p\u00ebr dit\u00ebn e dhjet\u00eb t\u00eb protest\u00ebs s\u00eb tyre.<\/span><\/p>\n<p><img loading=\"lazy\" decoding=\"async\" class=\"aligncenter size-full wp-image-257940\" src=\"https:\/\/hashtag.al\/wp-content\/uploads\/2018\/12\/13-dhjetor.jpg\" alt=\"\" width=\"768\" height=\"960\" srcset=\"https:\/\/www.hashtag.al\/wp-content\/uploads\/2018\/12\/13-dhjetor.jpg 768w, https:\/\/www.hashtag.al\/wp-content\/uploads\/2018\/12\/13-dhjetor-240x300.jpg 240w\" sizes=\"auto, (max-width: 768px) 100vw, 768px\" \/><\/p>\n<p><span style=\"color: #000000;\">Dit\u00ebn e djeshme student\u00ebt zhvilluan protesta massive n\u00eb t\u00eb gjith\u00eb vendin, Tiran\u00eb, Shkod\u00ebr, Gjirokast\u00ebr, Elbasan, Durr\u00ebs, Kor\u00e7\u00eb e Sarand\u00eb.<\/span><\/p>\n<p><span style=\"color: #000000;\">Student\u00ebt n\u00eb Tiran\u00eb u mblodh\u00ebn p\u00ebrpara godin\u00ebs s\u00eb Kryeministris\u00eb, nd\u00ebrsa i b\u00ebn\u00eb thirrje Edi Ram\u00ebs q\u00eb t\u00eb plot\u00ebsoj\u00eb k\u00ebrkesat e tyre dhe jo t\u00eb mburret se po \u201cb\u00ebn dialog\u201d.<\/span><\/p>\n<p><em><span style=\"color: #000000;\">\u201cRama premton t\u00eb jap\u00eb zgjidhje por harron se \u00ebsht\u00eb pjes\u00eb e problemit. Ai s\u2019ka k\u00ebrkuar ende falje p\u00ebr \u2018ngel\u00ebsit\u2019. Premton se do t\u00eb b\u00ebj\u00eb m\u00eb shum\u00eb se duam ne, por s\u2019i b\u00ebn. Po pse s\u2019i b\u00ebn o burr\u00eb? Do t\u2019i mburret shqiptar\u00ebve se si e arriti k\u00ebt\u00eb. E si e arriti k\u00ebt\u00eb, me \u201cdialogun\u201d.<\/span><\/em><\/p>\n<p><em><span style=\"color: #000000;\">Merr edhe FRESH-in te Dudushi q\u00eb t\u00eb na mbushi mendjen. Nuk jemi budallenj!<\/span><\/em><\/p>\n<p><em><span style=\"color: #000000;\">\u00a0Mundet v\u00ebrtet q\u00eb ta dyfishoj\u00eb arsimin? Mundet. Para pak dit\u00ebsh u nxorr nj\u00eb lajm se jan\u00eb hedhur d\u00ebm 957 milion\u00eb euro d\u00ebm.<\/span><\/em><\/p>\n<p><em><span style=\"color: #000000;\">\u00c7far\u00eb k\u00ebrkojm\u00eb ne mor, 2%, 3 % k\u00ebrkojm\u00eb. PD dhe LSI jan\u00eb bashk\u00eb. \u00c7far\u00eb do PD dhe LSI sipas meje. K\u00ebrkon t\u00eb largoj\u00eb Ram\u00ebn. Kjo s\u2019na prish pun\u00eb ne, ta b\u00ebjn\u00eb. Ne duam vet\u00ebm k\u00ebrkesat tona.<\/span><\/em><\/p>\n<p><span style=\"color: #000000;\"><em>Ne t\u00eb jemi t\u00eb bashkuar p\u00ebrpara synimeve tona. Ti q\u00ebndrojm\u00eb t\u00eb nj\u00ebjt\u00ebs ide, m\u00ebnyr\u00eb\u00a0 e nuk na plas fare. Ne duhet t\u00eb b\u00ebjm\u00eb pyetjen \u2018What The Fuck\u2019.\u201d<\/em>, tha nj\u00eb prej student\u00ebve.<\/span><\/p>\n<p><span style=\"color: #000000;\">Nj\u00eb tjet\u00ebr protestuese tha se nuk \u00ebsht\u00eb q\u00ebllimi i student\u00ebve t\u00eb krijojn\u00eb kaos apo t\u00eb b\u00ebhen shkak p\u00ebr dhun\u00eb. Q\u00ebllimi jan\u00eb vet\u00ebm 8 k\u00ebrkesat.<\/span><\/p>\n<p><span style=\"color: #000000;\"><em>\u201cT\u00eb hedhim sende mbi institucionet publike nuk \u00ebsht\u00eb zgjidhje, shkat\u00ebrrimi nuk \u00ebsht\u00eb zgjidhje. Ky nuk \u00ebsht\u00eb q\u00ebllimi yn\u00eb. Q\u00ebllimi yn\u00eb \u00ebsht\u00eb t\u00eb marrim ato q\u00eb duam dhe jo t\u00eb shkaktojm\u00eb kaos.\u201d,<\/em> tha studentja.\u00a0<\/span><\/p>\n<p><span style=\"color: #000000;\">Nj\u00eb pjes\u00eb tjet\u00ebr e student\u00ebve u vendos\u00ebn p\u00ebrball\u00eb godin\u00ebs s\u00eb Ministris\u00eb s\u00eb Arsimit.\u00a0<\/span><\/p>\n<p><img loading=\"lazy\" decoding=\"async\" class=\"aligncenter size-full wp-image-257942\" src=\"https:\/\/hashtag.al\/wp-content\/uploads\/2018\/12\/studentetkryeministri12dhjetor-1.jpeg\" alt=\"\" width=\"1280\" height=\"960\" srcset=\"https:\/\/www.hashtag.al\/wp-content\/uploads\/2018\/12\/studentetkryeministri12dhjetor-1.jpeg 1280w, https:\/\/www.hashtag.al\/wp-content\/uploads\/2018\/12\/studentetkryeministri12dhjetor-1-300x225.jpeg 300w, https:\/\/www.hashtag.al\/wp-content\/uploads\/2018\/12\/studentetkryeministri12dhjetor-1-768x576.jpeg 768w, https:\/\/www.hashtag.al\/wp-content\/uploads\/2018\/12\/studentetkryeministri12dhjetor-1-1024x768.jpeg 1024w\" sizes=\"auto, (max-width: 1280px) 100vw, 1280px\" \/><\/p>\n<p><span style=\"color: #000000;\">Dje po ashtu u proceduan penalisht 25 protestues, mes tyre pedagogu i njohur Edmond Tupja dhe artisti Robert Aliaj, me akuz\u00ebn se kan\u00eb djegur materiale t\u00eb d\u00ebmshme p\u00ebr sh\u00ebndetin n\u00eb protest\u00eb.\u00a0<\/span><span style=\"color: #000000;\">Pavar\u00ebsisht procedimit penal, Tupja doli s\u00ebrish n\u00eb protest\u00eb.<\/span><\/p>\n<p><span style=\"color: #000000;\">Kryeministri Rama u b\u00ebri student\u00ebve nj\u00eb tjet\u00ebr ftes\u00eb p\u00ebr dialog\u00a0student\u00ebve.\u00a0<\/span><span style=\"color: #000000;\">P\u00ebrmes rrjeteve sociale, Rama tha se plot\u00ebsimi i 8 pikave duhet t\u00eb nis\u00eb pa humbur koh\u00eb por p\u00ebr k\u00ebt\u00eb duhet t\u00eb ulen s\u00ebbashku n\u00eb bisedime.<\/span><\/p>\n<p><span style=\"color: #000000;\">Rama madje u p\u00ebrmendi student\u00ebve edhe pushimet e Vitit t\u00eb Ri, duke u th\u00ebn\u00eb se kjo duhet mbyllur para tyre.\u00a0<\/span><span style=\"color: #000000;\">Mir\u00ebpo student\u00ebt s\u00ebrish e refuzuan thirrjen e tij. Ata th\u00ebrrasin se nuk kan\u00eb nd\u00ebrmend t\u00eb ndalen deri n\u00eb plot\u00ebsimin e k\u00ebrkesave t\u00eb tyre, nd\u00ebrsa ironizuan shfaqjen e kryeministrit mbr\u00ebmjen e s\u00eb mart\u00ebs, me student\u00ebt e FRESSH-it n\u00eb nj\u00eb kanal televiziv.<\/span><\/p>\n<p><span style=\"color: #000000;\">Gjat\u00eb pasdites, qytetar\u00ebt jan\u00eb solidarizuar me student\u00ebt dhe\u00a0iu kan\u00eb sjell\u00eb ushqime q\u00eb t\u00eb vazhdojn\u00eb t\u00eb rezistojn\u00eb por edhe t\u00eb marrin energji.\u00a0Nj\u00eb pjes\u00eb e tyre ishin banor\u00eb t\u00eb Unaz\u00ebs s\u00eb Re.<\/span><\/p>\n<p><img loading=\"lazy\" decoding=\"async\" class=\"aligncenter size-full wp-image-257826\" src=\"https:\/\/hashtag.al\/wp-content\/uploads\/2018\/12\/4-3.jpg\" alt=\"\" width=\"1224\" height=\"918\" srcset=\"https:\/\/www.hashtag.al\/wp-content\/uploads\/2018\/12\/4-3.jpg 1224w, https:\/\/www.hashtag.al\/wp-content\/uploads\/2018\/12\/4-3-300x225.jpg 300w, https:\/\/www.hashtag.al\/wp-content\/uploads\/2018\/12\/4-3-768x576.jpg 768w, https:\/\/www.hashtag.al\/wp-content\/uploads\/2018\/12\/4-3-1024x768.jpg 1024w\" sizes=\"auto, (max-width: 1224px) 100vw, 1224px\" \/> <img loading=\"lazy\" decoding=\"async\" class=\"aligncenter size-full wp-image-257824\" src=\"https:\/\/hashtag.al\/wp-content\/uploads\/2018\/12\/1-5.jpg\" alt=\"\" width=\"1224\" height=\"918\" srcset=\"https:\/\/www.hashtag.al\/wp-content\/uploads\/2018\/12\/1-5.jpg 1224w, https:\/\/www.hashtag.al\/wp-content\/uploads\/2018\/12\/1-5-300x225.jpg 300w, https:\/\/www.hashtag.al\/wp-content\/uploads\/2018\/12\/1-5-768x576.jpg 768w, https:\/\/www.hashtag.al\/wp-content\/uploads\/2018\/12\/1-5-1024x768.jpg 1024w\" sizes=\"auto, (max-width: 1224px) 100vw, 1224px\" \/><\/p>\n<p><span style=\"color: #000000;\">Pavar\u00ebsisht temperaturave t\u00eb ulta student\u00ebt vazhduan deri von\u00eb me protest\u00ebn e tyre. P\u00ebr t\u2019i rezistuar sadopak t\u00eb ftohtit dhe temperaturave t\u00eb ul\u00ebta q\u00eb kan\u00eb prekur vendin, ata ndez\u00ebn zjarr para Kryeministris\u00eb dhe u mblodh\u00ebn rreth tij.<\/span><\/p>\n<p><span style=\"color: #000000;\"><em>\u201cNuk pranojm\u00eb p\u00ebrfaq\u00ebsues, t\u00eb gjith\u00eb k\u00ebtu i kemi individualisht dhe p\u00ebrfaq\u00ebsues t\u00eb asgj\u00ebje, p\u00ebrve\u00e7 vetes son\u00eb\u201d,<\/em> tha nj\u00ebra nga studentet.<\/span><\/p>\n<p><span style=\"color: #000000;\"><em>\u201cNe kemi edhe policin\u00eb me vete. Nj\u00eb falenderim p\u00ebr policin\u00eb. Jemi t\u00eb shqet\u00ebsuar pse kryeministri na shikon si armiq. ne jemi k\u00ebtu dhe ne po k\u00ebrkojm\u00eb t\u00eb drejtat tona normale\u201d,<\/em> u shpreh nj\u00eb tjet\u00ebr student.<\/span><\/p>\n<div style=\"width: 224px;\" class=\"wp-video\"><video class=\"wp-video-shortcode\" id=\"video-257939-1\" width=\"224\" height=\"400\" preload=\"metadata\" controls=\"controls\"><source type=\"video\/mp4\" src=\"https:\/\/hashtag.al\/wp-content\/uploads\/2018\/12\/zjarre.mp4?_=1\" \/><a href=\"https:\/\/hashtag.al\/wp-content\/uploads\/2018\/12\/zjarre.mp4\">https:\/\/hashtag.al\/wp-content\/uploads\/2018\/12\/zjarre.mp4<\/a><\/video><\/div>\n<p><span style=\"color: #000000;\">Sakaq, k\u00ebrkesa e student\u00ebve p\u00ebr rikonstruktim t\u00eb konvikteve \u00ebsht\u00eb miratuar nga qeveria Rama.\u00a0<\/span><\/p>\n<p><span style=\"color: #000000;\">Vendimi n\u00eb fjal\u00eb u miratua dje nga K\u00ebshilli i Ministrave, nd\u00ebrsa b\u00ebhet fjal\u00eb p\u00ebr nj\u00eb marr\u00ebveshje mes qeveris\u00eb shqiptare dhe asaj gjermane.<\/span><\/p>\n<p><span style=\"color: #000000;\">VKM-ja p\u00ebrcakton qart\u00eb se projekti p\u00ebr rikonstruksion t\u00eb konvikteve kap nj\u00eb vler\u00eb prej 3 milion\u00eb euro.<strong>\/Hashtag.al<\/strong><\/span><\/p>\n","protected":false,"gt_translate_keys":[{"key":"rendered","format":"html"}]},"excerpt":{"rendered":"<p>Dit\u00ebn e sotme student\u00ebt paralajm\u00ebrojn\u00eb p\u00ebrshkall\u00ebzim t\u00eb protest\u00ebs s\u00eb tyre, q\u00eb sot zhvendoset te godina e Parlamentit. Derisa seanca parlamentare t\u00eb mbaroj\u00eb, student\u00ebt do t\u00eb q\u00ebndrojn\u00eb aty dhe m\u00eb pas do t\u00eb zhvendosen drejt godin\u00ebs s\u00eb Kryeministris\u00eb. \u201cDhjetori i dyt\u00eb vazhdon\u201d, shkruajn\u00eb student\u00ebt n\u00eb lajm\u00ebrimet e tyre n\u00eb rrjet p\u00ebr dit\u00ebn e dhjet\u00eb t\u00eb protest\u00ebs [&hellip;]<\/p>\n","protected":false,"gt_translate_keys":[{"key":"rendered","format":"html"}]},"author":30,"featured_media":257943,"comment_status":"open","ping_status":"open","sticky":false,"template":"","format":"standard","meta":{"footnotes":""},"categories":[22,65],"tags":[],"class_list":["post-257939","post","type-post","status-publish","format-standard","has-post-thumbnail","hentry","category-ballina","category-lajme"],"gt_translate_keys":[{"key":"link","format":"url"}],"_links":{"self":[{"href":"https:\/\/www.hashtag.al\/index.php\/wp-json\/wp\/v2\/posts\/257939","targetHints":{"allow":["GET"]}}],"collection":[{"href":"https:\/\/www.hashtag.al\/index.php\/wp-json\/wp\/v2\/posts"}],"about":[{"href":"https:\/\/www.hashtag.al\/index.php\/wp-json\/wp\/v2\/types\/post"}],"author":[{"embeddable":true,"href":"https:\/\/www.hashtag.al\/index.php\/wp-json\/wp\/v2\/users\/30"}],"replies":[{"embeddable":true,"href":"https:\/\/www.hashtag.al\/index.php\/wp-json\/wp\/v2\/comments?post=257939"}],"version-history":[{"count":0,"href":"https:\/\/www.hashtag.al\/index.php\/wp-json\/wp\/v2\/posts\/257939\/revisions"}],"wp:featuredmedia":[{"embeddable":true,"href":"https:\/\/www.hashtag.al\/index.php\/wp-json\/wp\/v2\/media\/257943"}],"wp:attachment":[{"href":"https:\/\/www.hashtag.al\/index.php\/wp-json\/wp\/v2\/media?parent=257939"}],"wp:term":[{"taxonomy":"category","embeddable":true,"href":"https:\/\/www.hashtag.al\/index.php\/wp-json\/wp\/v2\/categories?post=257939"},{"taxonomy":"post_tag","embeddable":true,"href":"https:\/\/www.hashtag.al\/index.php\/wp-json\/wp\/v2\/tags?post=257939"}],"curies":[{"name":"wp","href":"https:\/\/api.w.org\/{rel}","templated":true}]}}