{"id":257934,"date":"2018-12-13T07:25:41","date_gmt":"2018-12-13T06:25:41","guid":{"rendered":"https:\/\/hashtag.al\/?p=257934"},"modified":"2018-12-13T07:27:24","modified_gmt":"2018-12-13T06:27:24","slug":"7-ore-ne-sallen-e-operacionit-zbulohet-gjendja-e-efektives-ina-nuka-foto","status":"publish","type":"post","link":"https:\/\/www.hashtag.al\/index.php\/2018\/12\/13\/7-ore-ne-sallen-e-operacionit-zbulohet-gjendja-e-efektives-ina-nuka-foto\/","title":{"rendered":"7 or\u00eb n\u00eb sall\u00ebn e operacionit, zbulohet gjendja e efektives Ina Nuka (FOTO)","gt_translate_keys":[{"key":"rendered","format":"text"}]},"content":{"rendered":"<p><img loading=\"lazy\" decoding=\"async\" class=\"aligncenter size-full wp-image-257935\" src=\"https:\/\/hashtag.al\/wp-content\/uploads\/2018\/12\/policja.jpg\" alt=\"\" width=\"1078\" height=\"946\" srcset=\"https:\/\/www.hashtag.al\/wp-content\/uploads\/2018\/12\/policja.jpg 1078w, https:\/\/www.hashtag.al\/wp-content\/uploads\/2018\/12\/policja-300x263.jpg 300w, https:\/\/www.hashtag.al\/wp-content\/uploads\/2018\/12\/policja-768x674.jpg 768w, https:\/\/www.hashtag.al\/wp-content\/uploads\/2018\/12\/policja-1024x899.jpg 1024w\" sizes=\"auto, (max-width: 1078px) 100vw, 1078px\" \/><\/p>\n<p><span style=\"color: #000000;\">Efektivja Ina Nuka, e cila mbeti e plagosur gjat\u00eb protest\u00ebs s\u00eb banor\u00ebve t\u00eb Astirit para godin\u00ebs s\u00eb Kuvendit i \u00ebsht\u00eb n\u00ebshtruar operacionit n\u00eb Turqi.<\/span><\/p>\n<p><span style=\"color: #000000;\">Nuka iu n\u00ebnshtrua nj\u00eb nd\u00ebrhyrje kirurgjikale q\u00eb zgjati rreth 7 or\u00eb, e cila rezultoi me sukses.<\/span><\/p>\n<p><span style=\"color: #000000;\">T\u00eb pakt\u00ebn k\u00ebshtu njofton Z\u00ebdh\u00ebn\u00ebsi i Policis\u00eb s\u00eb Shtetit Genti Mullai, i cili ndodhet gjithashtu n\u00eb Ankara.<\/span><\/p>\n<p><em><span style=\"color: #000000;\">\u201cKolege, ja dole. Sh\u00ebrim t\u00eb shpejt\u00eb dhe sa m\u00eb par\u00eb rikthim n\u00eb sht\u00ebpin\u00eb e Policis\u00eb, aty ku \u00ebndrra jote do vijoj\u00eb t\u00eb realizohet.<\/span><\/em><\/p>\n<p><em><span style=\"color: #000000;\">Besoj se rrjedha e furishme e p\u00ebrditshm\u00ebris\u00eb, shumllojshm\u00ebria e ndodhive, evenimentet dhe hapsira kohore e fashit\u00ebn sadopak ngjarjen para sallave plenare t\u00eb Parlamentit t\u00eb Shqip\u00ebris\u00eb, ku padrejt\u00ebsisht e fat\u00ebkeq\u00ebsisht mbeti e gjymtuar nj\u00eb nga koleget tona, e re n\u00eb mosh\u00eb dhe n\u00eb profesion, INA NUKA.<\/span><\/em><\/p>\n<p><span style=\"color: #000000;\"><em>Por pavar\u00ebsisht gjith\u00eb k\u00ebtyre faktor\u00ebve, jemi ne familja m\u00eb e madhe, Policia e Shtetit q\u00eb s\u2019t\u00eb harron, q\u00eb \u00ebsht\u00eb krahas familjes t\u00ebnde dhe njer\u00ebzve t\u00eb tu t\u00eb dashur, \u00ebsht\u00eb v\u00ebm\u00ebndja dhe p\u00ebrkushtimi i Ministrit dhe Kryeministrit q\u00eb b\u00ebn\u00eb t\u00eb mundur q\u00eb Ti kolege, pas 3 operacionesh n\u00eb Ankara t\u00eb Turqis\u00eb, ku sot operacioni zgjati 7 or\u00eb n\u00eb k\u00ebto momente t\u00eb ndihesh m\u00eb e leht\u00ebsuar nga ajo dhimbje vrastare, nga ajo ngjarje e sh\u00ebmtuar, kur p\u00ebrve\u00e7se b\u00ebje detyr\u00ebn s\u2019kishe asnj\u00eb faj tjet\u00ebr q\u00eb duhet t\u00eb gjymtoheshe k\u00ebshtu, sa t\u00eb rrezikuan seriozisht edhe jet\u00ebn.\u201d,<\/em> shkruan Mullai i cili ka publikuar edhe nj\u00eb foto t\u00eb Nuk\u00ebs nga spitali.<\/span><\/p>\n<p><img loading=\"lazy\" decoding=\"async\" class=\"aligncenter size-full wp-image-257937\" src=\"https:\/\/hashtag.al\/wp-content\/uploads\/2018\/12\/Ina-Nuka-1.jpg\" alt=\"\" width=\"745\" height=\"960\" srcset=\"https:\/\/www.hashtag.al\/wp-content\/uploads\/2018\/12\/Ina-Nuka-1.jpg 745w, https:\/\/www.hashtag.al\/wp-content\/uploads\/2018\/12\/Ina-Nuka-1-233x300.jpg 233w\" sizes=\"auto, (max-width: 745px) 100vw, 745px\" \/><\/p>\n","protected":false,"gt_translate_keys":[{"key":"rendered","format":"html"}]},"excerpt":{"rendered":"<p>Efektivja Ina Nuka, e cila mbeti e plagosur gjat\u00eb protest\u00ebs s\u00eb banor\u00ebve t\u00eb Astirit para godin\u00ebs s\u00eb Kuvendit i \u00ebsht\u00eb n\u00ebshtruar operacionit n\u00eb Turqi. Nuka iu n\u00ebnshtrua nj\u00eb nd\u00ebrhyrje kirurgjikale q\u00eb zgjati rreth 7 or\u00eb, e cila rezultoi me sukses. T\u00eb pakt\u00ebn k\u00ebshtu njofton Z\u00ebdh\u00ebn\u00ebsi i Policis\u00eb s\u00eb Shtetit Genti Mullai, i cili ndodhet gjithashtu [&hellip;]<\/p>\n","protected":false,"gt_translate_keys":[{"key":"rendered","format":"html"}]},"author":30,"featured_media":257936,"comment_status":"open","ping_status":"open","sticky":false,"template":"","format":"standard","meta":{"footnotes":""},"categories":[65],"tags":[],"class_list":["post-257934","post","type-post","status-publish","format-standard","has-post-thumbnail","hentry","category-lajme"],"gt_translate_keys":[{"key":"link","format":"url"}],"_links":{"self":[{"href":"https:\/\/www.hashtag.al\/index.php\/wp-json\/wp\/v2\/posts\/257934","targetHints":{"allow":["GET"]}}],"collection":[{"href":"https:\/\/www.hashtag.al\/index.php\/wp-json\/wp\/v2\/posts"}],"about":[{"href":"https:\/\/www.hashtag.al\/index.php\/wp-json\/wp\/v2\/types\/post"}],"author":[{"embeddable":true,"href":"https:\/\/www.hashtag.al\/index.php\/wp-json\/wp\/v2\/users\/30"}],"replies":[{"embeddable":true,"href":"https:\/\/www.hashtag.al\/index.php\/wp-json\/wp\/v2\/comments?post=257934"}],"version-history":[{"count":0,"href":"https:\/\/www.hashtag.al\/index.php\/wp-json\/wp\/v2\/posts\/257934\/revisions"}],"wp:featuredmedia":[{"embeddable":true,"href":"https:\/\/www.hashtag.al\/index.php\/wp-json\/wp\/v2\/media\/257936"}],"wp:attachment":[{"href":"https:\/\/www.hashtag.al\/index.php\/wp-json\/wp\/v2\/media?parent=257934"}],"wp:term":[{"taxonomy":"category","embeddable":true,"href":"https:\/\/www.hashtag.al\/index.php\/wp-json\/wp\/v2\/categories?post=257934"},{"taxonomy":"post_tag","embeddable":true,"href":"https:\/\/www.hashtag.al\/index.php\/wp-json\/wp\/v2\/tags?post=257934"}],"curies":[{"name":"wp","href":"https:\/\/api.w.org\/{rel}","templated":true}]}}