{"id":257571,"date":"2018-12-11T20:00:39","date_gmt":"2018-12-11T19:00:39","guid":{"rendered":"https:\/\/hashtag.al\/?p=257571"},"modified":"2018-12-11T20:01:44","modified_gmt":"2018-12-11T19:01:44","slug":"studentet-do-e-gedhime-kemi-marre-buke-me-vete","status":"publish","type":"post","link":"https:\/\/www.hashtag.al\/index.php\/2018\/12\/11\/studentet-do-e-gedhime-kemi-marre-buke-me-vete\/","title":{"rendered":"Student\u00ebt: Do e g\u00ebdhim\u00eb, kemi marr\u00eb buk\u00eb me vete","gt_translate_keys":[{"key":"rendered","format":"text"}]},"content":{"rendered":"<p><img loading=\"lazy\" decoding=\"async\" class=\"alignnone size-full wp-image-257573\" src=\"https:\/\/hashtag.al\/wp-content\/uploads\/2018\/12\/studentet-7-1.jpg\" alt=\"\" width=\"1280\" height=\"622\" srcset=\"https:\/\/www.hashtag.al\/wp-content\/uploads\/2018\/12\/studentet-7-1.jpg 1280w, https:\/\/www.hashtag.al\/wp-content\/uploads\/2018\/12\/studentet-7-1-300x146.jpg 300w, https:\/\/www.hashtag.al\/wp-content\/uploads\/2018\/12\/studentet-7-1-768x373.jpg 768w, https:\/\/www.hashtag.al\/wp-content\/uploads\/2018\/12\/studentet-7-1-1024x498.jpg 1024w\" sizes=\"auto, (max-width: 1280px) 100vw, 1280px\" \/><\/p>\n<p><span style=\"color: #000000;\">Student\u00ebt t\u00eb cil\u00ebt po q\u00ebndrojn\u00eb para Kryeministris\u00eb jan\u00eb shprehur se do e g\u00ebdhin\u00eb nat\u00ebn atje derisa k\u00ebrkesat e tyre t\u00eb plot\u00ebsohen. Ata jan\u00eb shprehur se kan\u00eb marr\u00eb buk\u00eb me vete dhe nuk do t\u00eb dor\u00ebzohen p\u00ebr k\u00ebrkesat e tyre.\u00a0<\/span><\/p>\n<p><span style=\"color: #000000;\">Pas skadimit t\u00eb ultimatumit t\u00eb vendosur p\u00ebr qeverin\u00eb n\u00eb lidhje me plot\u00ebsimin e 8 k\u00ebrkesave, student\u00ebt kan\u00eb nisur p\u00ebrshkall\u00ebzimin e protest\u00ebs. Teksa nj\u00eb pjes\u00eb vendosi t\u00eb bllokonte rrethrrotullimin tek \u201cZogu i Zi\u201d, nj\u00eb pjes\u00eb e tyre nis\u00ebn marshimin drejt Kryeministris\u00eb.<\/span><\/p>\n<p><span style=\"color: #000000;\">Duhet t\u00eb themi se ata q\u00eb q\u00ebndrojn\u00eb para ministris\u00eb s\u00eb Arsimit kan\u00eb mbyllur p\u00ebr sot protest\u00ebn dhe kan\u00eb deklaruar se do ta vazhdojn\u00eb at\u00eb s\u00ebrish nes\u00ebr.\u00a0<\/span><\/p>\n<p>&nbsp;<\/p>\n","protected":false,"gt_translate_keys":[{"key":"rendered","format":"html"}]},"excerpt":{"rendered":"<p>Student\u00ebt t\u00eb cil\u00ebt po q\u00ebndrojn\u00eb para Kryeministris\u00eb jan\u00eb shprehur se do e g\u00ebdhin\u00eb nat\u00ebn atje derisa k\u00ebrkesat e tyre t\u00eb plot\u00ebsohen. Ata jan\u00eb shprehur se kan\u00eb marr\u00eb buk\u00eb me vete dhe nuk do t\u00eb dor\u00ebzohen p\u00ebr k\u00ebrkesat e tyre.\u00a0 Pas skadimit t\u00eb ultimatumit t\u00eb vendosur p\u00ebr qeverin\u00eb n\u00eb lidhje me plot\u00ebsimin e 8 k\u00ebrkesave, student\u00ebt [&hellip;]<\/p>\n","protected":false,"gt_translate_keys":[{"key":"rendered","format":"html"}]},"author":30,"featured_media":257573,"comment_status":"open","ping_status":"open","sticky":false,"template":"","format":"standard","meta":{"footnotes":""},"categories":[65],"tags":[],"class_list":["post-257571","post","type-post","status-publish","format-standard","has-post-thumbnail","hentry","category-lajme"],"gt_translate_keys":[{"key":"link","format":"url"}],"_links":{"self":[{"href":"https:\/\/www.hashtag.al\/index.php\/wp-json\/wp\/v2\/posts\/257571","targetHints":{"allow":["GET"]}}],"collection":[{"href":"https:\/\/www.hashtag.al\/index.php\/wp-json\/wp\/v2\/posts"}],"about":[{"href":"https:\/\/www.hashtag.al\/index.php\/wp-json\/wp\/v2\/types\/post"}],"author":[{"embeddable":true,"href":"https:\/\/www.hashtag.al\/index.php\/wp-json\/wp\/v2\/users\/30"}],"replies":[{"embeddable":true,"href":"https:\/\/www.hashtag.al\/index.php\/wp-json\/wp\/v2\/comments?post=257571"}],"version-history":[{"count":0,"href":"https:\/\/www.hashtag.al\/index.php\/wp-json\/wp\/v2\/posts\/257571\/revisions"}],"wp:featuredmedia":[{"embeddable":true,"href":"https:\/\/www.hashtag.al\/index.php\/wp-json\/wp\/v2\/media\/257573"}],"wp:attachment":[{"href":"https:\/\/www.hashtag.al\/index.php\/wp-json\/wp\/v2\/media?parent=257571"}],"wp:term":[{"taxonomy":"category","embeddable":true,"href":"https:\/\/www.hashtag.al\/index.php\/wp-json\/wp\/v2\/categories?post=257571"},{"taxonomy":"post_tag","embeddable":true,"href":"https:\/\/www.hashtag.al\/index.php\/wp-json\/wp\/v2\/tags?post=257571"}],"curies":[{"name":"wp","href":"https:\/\/api.w.org\/{rel}","templated":true}]}}