{"id":257257,"date":"2018-12-10T18:40:33","date_gmt":"2018-12-10T17:40:33","guid":{"rendered":"https:\/\/hashtag.al\/?p=257257"},"modified":"2018-12-10T18:40:33","modified_gmt":"2018-12-10T17:40:33","slug":"do-paralizojme-tiranen-zbardhet-axhenda-e-neserme-e-studenteve","status":"publish","type":"post","link":"https:\/\/www.hashtag.al\/index.php\/2018\/12\/10\/do-paralizojme-tiranen-zbardhet-axhenda-e-neserme-e-studenteve\/","title":{"rendered":"&#8220;Do paralizojm\u00eb Tiran\u00ebn&#8221;, zbardhet axhenda e nes\u00ebrme e student\u00ebve","gt_translate_keys":[{"key":"rendered","format":"text"}]},"content":{"rendered":"<p><img loading=\"lazy\" decoding=\"async\" class=\"alignnone size-full wp-image-256366\" src=\"https:\/\/hashtag.al\/wp-content\/uploads\/2018\/12\/studentet7dhjetor2.jpg\" alt=\"\" width=\"1140\" height=\"570\" srcset=\"https:\/\/www.hashtag.al\/wp-content\/uploads\/2018\/12\/studentet7dhjetor2.jpg 1140w, https:\/\/www.hashtag.al\/wp-content\/uploads\/2018\/12\/studentet7dhjetor2-300x150.jpg 300w, https:\/\/www.hashtag.al\/wp-content\/uploads\/2018\/12\/studentet7dhjetor2-768x384.jpg 768w, https:\/\/www.hashtag.al\/wp-content\/uploads\/2018\/12\/studentet7dhjetor2-1024x512.jpg 1024w\" sizes=\"auto, (max-width: 1140px) 100vw, 1140px\" \/><\/p>\n<p>Dit\u00ebn e nes\u00ebrme student\u00ebt do t\u00eb protestojn\u00eb n\u00eb m\u00ebnyr\u00eb masive. N\u00eb dit\u00ebn e tyre t\u00eb 8-t\u00eb t\u00eb protest\u00ebs ata kan\u00eb paralajm\u00ebruar se do t\u00eb bllokojn\u00eb t\u00eb gjitha pikat ky\u00e7e t\u00eb Tiran\u00ebs n\u00eb m\u00ebnyr\u00eb q\u00eb z\u00ebri i tyre t\u00eb d\u00ebgjohet.<\/p>\n<p>&nbsp;<\/p>\n<p>N\u00eb rrjetet sociale, student\u00ebt kan\u00eb publikuar edhe axhend\u00ebn e plot\u00eb t\u00eb tyre, ku spikat bllokimi i qarkullimit t\u00eb automjeteve n\u00eb t\u00eb gjitha pikat ky\u00e7e n\u00eb kryeqytet p\u00ebr nj\u00eb or\u00eb.<\/p>\n<p><a href=\"https:\/\/hashtag.al\/wp-content\/uploads\/2018\/12\/Kerkesa.docx\">Kerkesat e student\u00ebve.<\/a><br \/>\n<em>Drejtuar: Ministris\u00eb s\u00eb Arsimit dhe Sportit<\/em><br \/>\n<em>Ministres s\u00eb Arsimit dhe Sportit Znj. Lindita Nikolla<\/em><br \/>\n<em>L\u00ebnda: Kthim p\u00ebrgjigje me shkres\u00eb zyrtare<\/em><br \/>\n<em>1. P\u00ebrgjysmim i tarif\u00ebs s\u00eb studimi<\/em><br \/>\n<em>2. Rritja nga 10% n\u00eb 50% e pesh\u00ebs totale t\u00eb vot\u00ebs s\u00eb student\u00ebve p\u00ebr t\u00eb zgjedhur kandidat\u00ebt p\u00ebr dekan\/rekor dhe rritja e p\u00ebrfaq\u00ebsis\u00eb s\u00eb student\u00ebve n\u00eb senatin akademik me 20%.\u00a0 \u00a0 \u00a0 \u00a0 \u00a0 \u00a0 \u00a0 \u00a0 \u00a0 \u00a0 \u00a0 \u00a0 \u00a0 \u00a0 \u00a0 \u00a0 \u00a0 \u00a0 \u00a0 \u00a0<\/em><em>3. Mb\u00ebshtetur n\u00eb nenin 99 mbi K\u00ebshillet Studentore, Ligji i Arsimit t\u00eb Lart\u00eb pika 2 k\u00ebrkojm\u00eb q\u00eb Bordi i Administrimit t\u00eb IAL-ve t\u00eb ket\u00eb num\u00ebr t\u00eb barabart\u00eb votash si nga Ministria e Arsimit dhe Sportit dhe IAL-t\u00eb dhe t\u00eb shtohet nj\u00eb p\u00ebrfaq\u00ebsues n\u00eb k\u00ebt\u00eb bord nga student\u00ebt.<\/em><\/p>\n<p><em>4. Mb\u00ebshtetje e student\u00ebve p\u00ebr k\u00ebrkime shkencore.<\/em><\/p>\n<p><em>5. Mb\u00ebshtetje e student\u00ebve t\u00eb doktoratur\u00ebs me fonde p\u00ebr k\u00ebrkimin shkencor.<\/em><br \/>\n<em>6. P\u00ebrmir\u00ebsim i kushteve t\u00eb konvikteve t\u00eb Universiteteve.<\/em><br \/>\n<em>7. Dyfishim i buxhetit p\u00ebr arsimin e lart\u00eb.<\/em><br \/>\n<em>8. Pajisja e t\u00eb gjith\u00eb student\u00ebve me kart\u00ebn e Studentit brenda vitit akademik 2018-2019.<\/em><br \/>\n<em>Presim p\u00ebrgjigje zyrtare me shkrim deri n\u00eb or\u00ebn 14:00. K\u00ebrkesa drejtohet nga K\u00ebshilla studentor.<\/em><\/p>\n<p><strong>K\u00ebrkesat e student\u00ebve:<\/strong><\/p>\n<p><img decoding=\"async\" src=\"https:\/\/www.faxweb.al\/wp-content\/uploads\/2018\/12\/axhenda.jpg\" \/><\/p>\n","protected":false,"gt_translate_keys":[{"key":"rendered","format":"html"}]},"excerpt":{"rendered":"<p>Dit\u00ebn e nes\u00ebrme student\u00ebt do t\u00eb protestojn\u00eb n\u00eb m\u00ebnyr\u00eb masive. N\u00eb dit\u00ebn e tyre t\u00eb 8-t\u00eb t\u00eb protest\u00ebs ata kan\u00eb paralajm\u00ebruar se do t\u00eb bllokojn\u00eb t\u00eb gjitha pikat ky\u00e7e t\u00eb Tiran\u00ebs n\u00eb m\u00ebnyr\u00eb q\u00eb z\u00ebri i tyre t\u00eb d\u00ebgjohet. &nbsp; N\u00eb rrjetet sociale, student\u00ebt kan\u00eb publikuar edhe axhend\u00ebn e plot\u00eb t\u00eb tyre, ku spikat bllokimi [&hellip;]<\/p>\n","protected":false,"gt_translate_keys":[{"key":"rendered","format":"html"}]},"author":30,"featured_media":256716,"comment_status":"open","ping_status":"open","sticky":false,"template":"","format":"standard","meta":{"footnotes":""},"categories":[65],"tags":[],"class_list":["post-257257","post","type-post","status-publish","format-standard","has-post-thumbnail","hentry","category-lajme"],"gt_translate_keys":[{"key":"link","format":"url"}],"_links":{"self":[{"href":"https:\/\/www.hashtag.al\/index.php\/wp-json\/wp\/v2\/posts\/257257","targetHints":{"allow":["GET"]}}],"collection":[{"href":"https:\/\/www.hashtag.al\/index.php\/wp-json\/wp\/v2\/posts"}],"about":[{"href":"https:\/\/www.hashtag.al\/index.php\/wp-json\/wp\/v2\/types\/post"}],"author":[{"embeddable":true,"href":"https:\/\/www.hashtag.al\/index.php\/wp-json\/wp\/v2\/users\/30"}],"replies":[{"embeddable":true,"href":"https:\/\/www.hashtag.al\/index.php\/wp-json\/wp\/v2\/comments?post=257257"}],"version-history":[{"count":0,"href":"https:\/\/www.hashtag.al\/index.php\/wp-json\/wp\/v2\/posts\/257257\/revisions"}],"wp:featuredmedia":[{"embeddable":true,"href":"https:\/\/www.hashtag.al\/index.php\/wp-json\/wp\/v2\/media\/256716"}],"wp:attachment":[{"href":"https:\/\/www.hashtag.al\/index.php\/wp-json\/wp\/v2\/media?parent=257257"}],"wp:term":[{"taxonomy":"category","embeddable":true,"href":"https:\/\/www.hashtag.al\/index.php\/wp-json\/wp\/v2\/categories?post=257257"},{"taxonomy":"post_tag","embeddable":true,"href":"https:\/\/www.hashtag.al\/index.php\/wp-json\/wp\/v2\/tags?post=257257"}],"curies":[{"name":"wp","href":"https:\/\/api.w.org\/{rel}","templated":true}]}}