{"id":257225,"date":"2018-12-10T17:13:06","date_gmt":"2018-12-10T16:13:06","guid":{"rendered":"https:\/\/hashtag.al\/?p=257225"},"modified":"2018-12-10T17:14:51","modified_gmt":"2018-12-10T16:14:51","slug":"dhoma-e-fasonisteve-te-shqiperise-ne-krahe-te-studenteve-e-vleresojme-maksimalisht","status":"publish","type":"post","link":"https:\/\/www.hashtag.al\/index.php\/2018\/12\/10\/dhoma-e-fasonisteve-te-shqiperise-ne-krahe-te-studenteve-e-vleresojme-maksimalisht\/","title":{"rendered":"Dhoma e Fasonist\u00ebve t\u00eb Shqip\u00ebris\u00eb n\u00eb krah\u00eb t\u00eb student\u00ebve: E vler\u00ebsojm\u00eb maksimalisht","gt_translate_keys":[{"key":"rendered","format":"text"}]},"content":{"rendered":"<p><img loading=\"lazy\" decoding=\"async\" class=\"alignnone size-full wp-image-256051\" src=\"https:\/\/hashtag.al\/wp-content\/uploads\/2018\/12\/studentet6dhjetor2.jpg\" alt=\"\" width=\"1280\" height=\"557\" srcset=\"https:\/\/www.hashtag.al\/wp-content\/uploads\/2018\/12\/studentet6dhjetor2.jpg 1280w, https:\/\/www.hashtag.al\/wp-content\/uploads\/2018\/12\/studentet6dhjetor2-300x131.jpg 300w, https:\/\/www.hashtag.al\/wp-content\/uploads\/2018\/12\/studentet6dhjetor2-768x334.jpg 768w, https:\/\/www.hashtag.al\/wp-content\/uploads\/2018\/12\/studentet6dhjetor2-1024x446.jpg 1024w\" sizes=\"auto, (max-width: 1280px) 100vw, 1280px\" \/><\/p>\n<p>Protst\u00ebn e student\u00ebve e ka mb\u00ebshtetur edhe Dhoma e Fasonist\u00ebve t\u00eb Shqip\u00ebris\u00eb, t\u00eb cil\u00ebt me an\u00eb t\u00eb nj\u00eb deklarate p\u00ebr shtyp, shprehen se vler\u00ebsojn\u00eb maksimalisht protest\u00ebn e tyre.<\/p>\n<p>Dhoma e Fasonist\u00ebve t\u00eb Shqip\u00ebris\u00eb, deklaron se pa m\u00eb t\u00eb voglin dyshim, jemi p\u00ebr at\u00eb q\u00eb k\u00ebrkesat e tyre, plot\u00ebsisht legjitime, duhet t\u00eb zgjidhen nga institucionet p\u00ebrkat\u00ebse, sa m\u00eb par\u00eb q\u00eb t\u00eb jet\u00eb e mundur.<\/p>\n<p><strong>DEKLARAT\u00cb P\u00cbR SHTYP<\/strong><\/p>\n<p>Ne, Fasonist\u00ebt e Shqip\u00ebris\u00eb, me an\u00eb t\u00eb k\u00ebsaj deklarate p\u00ebr shtyp, vler\u00ebsojm\u00eb maksimalisht m\u00ebnyr\u00ebn qytetare dhe vecan\u00ebrisht paq\u00ebsore t\u00eb protestuesve universitar\u00eb shqiptar\u00eb.<\/p>\n<p>Pa m\u00eb t\u00eb voglin dyshim, jemi p\u00ebr at\u00eb q\u00eb k\u00ebrkesat e tyre, plot\u00ebsisht legjitime, duhet t\u00eb zgjidhen nga institucionet p\u00ebrkat\u00ebse, sa m\u00eb par\u00eb q\u00eb t\u00eb jet\u00eb e mundur.<\/p>\n<p>Rinia studentore shqiptare, ishte ajo q\u00eb i dha grushtin p\u00ebrfundimtar diktatur\u00ebs komuniste, fiks 27 vite m\u00eb par\u00eb.<\/p>\n<p>Edhe sot, rinia studentore, si pjesa m\u00eb e past\u00ebr e elit\u00ebs s\u00eb kombit do t\u00eb dij\u00eb t\u00eb ec\u00eb vet drejt, n\u00eb rrug\u00ebtimin shembullor q\u00eb ka nd\u00ebrmarr\u00eb tash e disa dit\u00eb.<\/p>\n<p>Ne i mb\u00ebshtesim dhe i inkurajojm\u00eb ata p\u00ebr t\u00eb gjitha k\u00ebrkesat legjitime q\u00eb kan\u00eb shpalosur derim\u00eb tani, sikurse jemi pro cdo reforme rr\u00ebnj\u00ebsore q\u00eb tenton t\u2019u vij\u00eb realisht n\u00eb ndihm\u00eb shtresave shoq\u00ebrore t\u00eb margjinalizuara t\u00eb shoqeris\u00eb son\u00eb, aktualisht t\u00eb polarizuar ekstremisht.<\/p>\n<p>Shkollimi dhe arsimimi n\u00eb Shqip\u00ebri nuk duhet t\u00eb jen\u00eb privilegj vet\u00ebm i f\u00ebmij\u00ebve q\u00eb jan\u00eb n\u00eb gjendje ekonomike t\u00eb mir\u00eb, por i t\u00eb gjith\u00eb f\u00ebmij\u00ebve shqiptar\u00eb, pap\u00ebrjashtim.<\/p>\n<p>N\u00eb qoft\u00eb se do t\u00eb b\u00ebhej nj\u00eb reform\u00eb demokratizuese n\u00eb arsim e kjo t\u00eb kombinohej me politika afatgjata pun\u00ebsimi e shoq\u00ebruar me nj\u00eb program konkret p\u00ebr hapjen e ekonomis\u00eb s\u00eb tregut drejt t\u00eb b\u00ebrit biznes t\u00eb past\u00ebr, me incentiva leht\u00ebsuese, ve\u00e7an\u00ebrisht p\u00ebr t\u00eb rinjt\u00eb, do t\u00eb kishim shum\u00eb m\u00eb pak rrjedhje t\u00eb rinis\u00eb son\u00eb jasht\u00eb kufijve.<\/p>\n<p>E po t\u00eb shtojm\u00eb k\u00ebtu, v\u00ebshtir\u00ebsit\u00eb e panum\u00ebrta q\u00eb kemi ne bizneset shqiptare sot, fasoni n\u00eb vecanti, q\u00eb fillon me r\u00ebnien drastiko-enigmatike t\u00eb Euros n\u00eb treg, vazhdon me rritjen e taksave e tatimeve jasht\u00eb \u00e7do kriteri t\u00eb matsh\u00ebm rajonal, ndeshja me arroganc\u00ebn dhe fodull\u00ebkun institucional apo me shkeljen e ligjit me t\u00eb dyja k\u00ebmb\u00ebt nga vet\u00eb zbatuesit e tij, do t\u00eb kuptohej m\u00eb mir\u00eb kolapsi ekonomik ku jemi futur prej kaq koh\u00ebsh e q\u00eb nuk po dalim dot.<\/p>\n<p>Duke ju uruar sukses t\u00eb plot\u00eb n\u00eb protest\u00ebn tuaj ju p\u00ebrsh\u00ebndesim p\u00ebr inicjativ\u00ebn tuaj t\u00eb bekuar, demokratike, t\u00eb paqt\u00eb dhe unike p\u00ebrsa i p\u00ebrket qytetaris\u00eb s\u00eb treguar.<\/p>\n<p>Ne ju mb\u00ebshtesim ju pa m\u00eb t\u00eb vogl\u00ebn m\u00ebdyshje sepse jemi t\u00eb bindur se mb\u00ebshtesim f\u00ebmij\u00ebt tan\u00eb dhe t\u00eb ardhmen e tyre n\u00eb Atdheun ton\u00eb, Shqip\u00ebri.<\/p>\n<p>P\u00ebr Dhom\u00ebn e Fasonist\u00ebve t\u00eb Shqip\u00ebris\u00eb<\/p>\n<p>Kryetari<br \/>\nGjergji Gjika<\/p>\n<p><img loading=\"lazy\" decoding=\"async\" class=\"alignnone size-full wp-image-257226\" src=\"https:\/\/hashtag.al\/wp-content\/uploads\/2018\/12\/shkresa.jpg\" alt=\"\" width=\"622\" height=\"1280\" srcset=\"https:\/\/www.hashtag.al\/wp-content\/uploads\/2018\/12\/shkresa.jpg 622w, https:\/\/www.hashtag.al\/wp-content\/uploads\/2018\/12\/shkresa-146x300.jpg 146w, https:\/\/www.hashtag.al\/wp-content\/uploads\/2018\/12\/shkresa-498x1024.jpg 498w\" sizes=\"auto, (max-width: 622px) 100vw, 622px\" \/><\/p>\n","protected":false,"gt_translate_keys":[{"key":"rendered","format":"html"}]},"excerpt":{"rendered":"<p>Protst\u00ebn e student\u00ebve e ka mb\u00ebshtetur edhe Dhoma e Fasonist\u00ebve t\u00eb Shqip\u00ebris\u00eb, t\u00eb cil\u00ebt me an\u00eb t\u00eb nj\u00eb deklarate p\u00ebr shtyp, shprehen se vler\u00ebsojn\u00eb maksimalisht protest\u00ebn e tyre. Dhoma e Fasonist\u00ebve t\u00eb Shqip\u00ebris\u00eb, deklaron se pa m\u00eb t\u00eb voglin dyshim, jemi p\u00ebr at\u00eb q\u00eb k\u00ebrkesat e tyre, plot\u00ebsisht legjitime, duhet t\u00eb zgjidhen nga institucionet p\u00ebrkat\u00ebse, [&hellip;]<\/p>\n","protected":false,"gt_translate_keys":[{"key":"rendered","format":"html"}]},"author":30,"featured_media":256355,"comment_status":"open","ping_status":"open","sticky":false,"template":"","format":"standard","meta":{"footnotes":""},"categories":[65],"tags":[],"class_list":["post-257225","post","type-post","status-publish","format-standard","has-post-thumbnail","hentry","category-lajme"],"gt_translate_keys":[{"key":"link","format":"url"}],"_links":{"self":[{"href":"https:\/\/www.hashtag.al\/index.php\/wp-json\/wp\/v2\/posts\/257225","targetHints":{"allow":["GET"]}}],"collection":[{"href":"https:\/\/www.hashtag.al\/index.php\/wp-json\/wp\/v2\/posts"}],"about":[{"href":"https:\/\/www.hashtag.al\/index.php\/wp-json\/wp\/v2\/types\/post"}],"author":[{"embeddable":true,"href":"https:\/\/www.hashtag.al\/index.php\/wp-json\/wp\/v2\/users\/30"}],"replies":[{"embeddable":true,"href":"https:\/\/www.hashtag.al\/index.php\/wp-json\/wp\/v2\/comments?post=257225"}],"version-history":[{"count":0,"href":"https:\/\/www.hashtag.al\/index.php\/wp-json\/wp\/v2\/posts\/257225\/revisions"}],"wp:featuredmedia":[{"embeddable":true,"href":"https:\/\/www.hashtag.al\/index.php\/wp-json\/wp\/v2\/media\/256355"}],"wp:attachment":[{"href":"https:\/\/www.hashtag.al\/index.php\/wp-json\/wp\/v2\/media?parent=257225"}],"wp:term":[{"taxonomy":"category","embeddable":true,"href":"https:\/\/www.hashtag.al\/index.php\/wp-json\/wp\/v2\/categories?post=257225"},{"taxonomy":"post_tag","embeddable":true,"href":"https:\/\/www.hashtag.al\/index.php\/wp-json\/wp\/v2\/tags?post=257225"}],"curies":[{"name":"wp","href":"https:\/\/api.w.org\/{rel}","templated":true}]}}