{"id":256980,"date":"2018-12-09T19:33:32","date_gmt":"2018-12-09T18:33:32","guid":{"rendered":"https:\/\/hashtag.al\/?p=256980"},"modified":"2018-12-09T19:47:40","modified_gmt":"2018-12-09T18:47:40","slug":"studentet-hapin-protesten-i-ftojne-te-gjithe-te-bashkohen","status":"publish","type":"post","link":"https:\/\/www.hashtag.al\/index.php\/2018\/12\/09\/studentet-hapin-protesten-i-ftojne-te-gjithe-te-bashkohen\/","title":{"rendered":"Student\u00ebt hapin protest\u00ebn, i ftojn\u00eb t\u00eb gjith\u00eb t\u00eb bashkohen","gt_translate_keys":[{"key":"rendered","format":"text"}]},"content":{"rendered":"<p><img loading=\"lazy\" decoding=\"async\" class=\"aligncenter size-full wp-image-256981\" src=\"https:\/\/hashtag.al\/wp-content\/uploads\/2018\/12\/nazarko.jpg\" alt=\"\" width=\"900\" height=\"635\" srcset=\"https:\/\/www.hashtag.al\/wp-content\/uploads\/2018\/12\/nazarko.jpg 900w, https:\/\/www.hashtag.al\/wp-content\/uploads\/2018\/12\/nazarko-300x212.jpg 300w, https:\/\/www.hashtag.al\/wp-content\/uploads\/2018\/12\/nazarko-768x542.jpg 768w\" sizes=\"auto, (max-width: 900px) 100vw, 900px\" \/><\/p>\n<p>Nj\u00eb prej studenteve q\u00eb proteston n\u00eb dit\u00ebn e 6 ka b\u00ebr\u00eb ftes\u00eb publike p\u00ebr t\u00eb gjith\u00eb popullin, p\u00ebr ata q\u00eb duan ti bashkohen protest\u00ebs.Studentja e Mjeksis\u00eb ka reaguar ndryshe nga ai q\u00eb dukej si \u2018q\u00ebndrimi zyrtar\u2019 i protest\u00ebs k\u00ebto dit\u00eb.<\/p>\n<p>Arsimi \u00ebsht\u00eb i lidhur me t\u00eb gjitha, ka th\u00ebn\u00eb studentja p\u00ebr Fax Ne\u00ebs.<\/p>\n<p>\u201c<em>\u00c7far\u00eb mjek\u00ebsh do t\u00eb dalin nes\u00ebr n\u00ebse nuk ka arsim t\u00eb mir\u00eb? \u00c7far\u00eb gazetar\u00ebsh do t\u00eb raportojn\u00eb nes\u00ebr n\u00ebse nuk ka arsim t\u00eb mir\u00eb. Arsimi nuk \u00ebsht\u00eb vet\u00ebm i yni, por i t\u00eb gjith\u00ebve, prandaj i ftojm\u00eb t\u00eb gjith\u00eb t\u00eb n\u00eb bashkohen.<\/em><\/p>\n<p><em>Tashm\u00eb nuk ka t\u00eb b\u00ebj\u00eb m\u00eb me nj\u00eb VKM, por me \u00ebsht\u00eb shum\u00eb m\u00eb e madhe se aq\u201d<\/em>,\u00a0ka th\u00ebn\u00eb studentja e Mjek\u00ebsis\u00eb, Estela Nazarko.<\/p>\n<p>Protestuesit kan\u00eb kthyer mbrasht m\u00eb par\u00eb banor\u00ebt e Astirit t\u00eb cilit tentuan t\u2019i bashkoheshin dit\u00ebn e djeshme, nd\u00ebrsa sot u p\u00ebrplas\u00ebn me pedagogun, aktivist t\u00eb L\u00ebvizjes p\u00ebr Universitetin Jani Marka.<\/p>\n","protected":false,"gt_translate_keys":[{"key":"rendered","format":"html"}]},"excerpt":{"rendered":"<p>Nj\u00eb prej studenteve q\u00eb proteston n\u00eb dit\u00ebn e 6 ka b\u00ebr\u00eb ftes\u00eb publike p\u00ebr t\u00eb gjith\u00eb popullin, p\u00ebr ata q\u00eb duan ti bashkohen protest\u00ebs.Studentja e Mjeksis\u00eb ka reaguar ndryshe nga ai q\u00eb dukej si \u2018q\u00ebndrimi zyrtar\u2019 i protest\u00ebs k\u00ebto dit\u00eb. Arsimi \u00ebsht\u00eb i lidhur me t\u00eb gjitha, ka th\u00ebn\u00eb studentja p\u00ebr Fax Ne\u00ebs. \u201c\u00c7far\u00eb mjek\u00ebsh [&hellip;]<\/p>\n","protected":false,"gt_translate_keys":[{"key":"rendered","format":"html"}]},"author":32,"featured_media":256981,"comment_status":"open","ping_status":"open","sticky":false,"template":"","format":"standard","meta":{"footnotes":""},"categories":[65],"tags":[],"class_list":["post-256980","post","type-post","status-publish","format-standard","has-post-thumbnail","hentry","category-lajme"],"gt_translate_keys":[{"key":"link","format":"url"}],"_links":{"self":[{"href":"https:\/\/www.hashtag.al\/index.php\/wp-json\/wp\/v2\/posts\/256980","targetHints":{"allow":["GET"]}}],"collection":[{"href":"https:\/\/www.hashtag.al\/index.php\/wp-json\/wp\/v2\/posts"}],"about":[{"href":"https:\/\/www.hashtag.al\/index.php\/wp-json\/wp\/v2\/types\/post"}],"author":[{"embeddable":true,"href":"https:\/\/www.hashtag.al\/index.php\/wp-json\/wp\/v2\/users\/32"}],"replies":[{"embeddable":true,"href":"https:\/\/www.hashtag.al\/index.php\/wp-json\/wp\/v2\/comments?post=256980"}],"version-history":[{"count":0,"href":"https:\/\/www.hashtag.al\/index.php\/wp-json\/wp\/v2\/posts\/256980\/revisions"}],"wp:featuredmedia":[{"embeddable":true,"href":"https:\/\/www.hashtag.al\/index.php\/wp-json\/wp\/v2\/media\/256981"}],"wp:attachment":[{"href":"https:\/\/www.hashtag.al\/index.php\/wp-json\/wp\/v2\/media?parent=256980"}],"wp:term":[{"taxonomy":"category","embeddable":true,"href":"https:\/\/www.hashtag.al\/index.php\/wp-json\/wp\/v2\/categories?post=256980"},{"taxonomy":"post_tag","embeddable":true,"href":"https:\/\/www.hashtag.al\/index.php\/wp-json\/wp\/v2\/tags?post=256980"}],"curies":[{"name":"wp","href":"https:\/\/api.w.org\/{rel}","templated":true}]}}