{"id":256940,"date":"2018-12-09T17:19:09","date_gmt":"2018-12-09T16:19:09","guid":{"rendered":"https:\/\/hashtag.al\/?p=256940"},"modified":"2018-12-09T17:38:04","modified_gmt":"2018-12-09T16:38:04","slug":"perplasen-3-makina-ne-elbasan-dy-te-plagosur","status":"publish","type":"post","link":"https:\/\/www.hashtag.al\/index.php\/2018\/12\/09\/perplasen-3-makina-ne-elbasan-dy-te-plagosur\/","title":{"rendered":"P\u00ebrplasen 3 makina n\u00eb Elbasan, dy t\u00eb plagosur","gt_translate_keys":[{"key":"rendered","format":"text"}]},"content":{"rendered":"<p><img loading=\"lazy\" decoding=\"async\" class=\"aligncenter size-full wp-image-251002\" src=\"https:\/\/hashtag.al\/wp-content\/uploads\/2018\/11\/aksidenti-2.jpg\" alt=\"\" width=\"900\" height=\"635\" srcset=\"https:\/\/www.hashtag.al\/wp-content\/uploads\/2018\/11\/aksidenti-2.jpg 900w, https:\/\/www.hashtag.al\/wp-content\/uploads\/2018\/11\/aksidenti-2-300x212.jpg 300w, https:\/\/www.hashtag.al\/wp-content\/uploads\/2018\/11\/aksidenti-2-768x542.jpg 768w\" sizes=\"auto, (max-width: 900px) 100vw, 900px\" \/><\/p>\n<p>Nj\u00eb aksident i r\u00ebnd\u00eb \u00ebsht\u00eb sh\u00ebnuar n\u00eb aksin e rrug\u00ebs komb\u00ebtare Elbasan \u2013Tiran\u00eb, nd\u00ebrsa raportohet se dy persona kan\u00eb mbetur t\u00eb plagosur.<\/p>\n<p>Aksidenti sipas burimeve zyrtare ka ndodhur n\u00eb Bradashesh dhe n\u00eb t\u00eb jan\u00eb p\u00ebrfshir\u00eb t\u00eb pakt\u00ebn tri automjete. Si rezultat i aksidentit dy persona kan\u00eb mbetur t\u00eb plagosur , nd\u00ebrsa automjetet kan\u00eb p\u00ebsuar d\u00ebmtime serioze.<\/p>\n<p>P\u00ebr shkak t\u00eb aksidentit \u00ebsht\u00eb bllokuar p\u00ebrkoh\u00ebsisht qarkullimi , nd\u00ebrsa policia ka mb\u00ebrritur n\u00eb vendngjarje p\u00ebr disiplinimin e qarkullimit si dhe p\u00ebrcaktimin e shkaqeve q\u00eb kan\u00eb sjell\u00eb aksidentin.<\/p>\n","protected":false,"gt_translate_keys":[{"key":"rendered","format":"html"}]},"excerpt":{"rendered":"<p>Nj\u00eb aksident i r\u00ebnd\u00eb \u00ebsht\u00eb sh\u00ebnuar n\u00eb aksin e rrug\u00ebs komb\u00ebtare Elbasan \u2013Tiran\u00eb, nd\u00ebrsa raportohet se dy persona kan\u00eb mbetur t\u00eb plagosur. Aksidenti sipas burimeve zyrtare ka ndodhur n\u00eb Bradashesh dhe n\u00eb t\u00eb jan\u00eb p\u00ebrfshir\u00eb t\u00eb pakt\u00ebn tri automjete. Si rezultat i aksidentit dy persona kan\u00eb mbetur t\u00eb plagosur , nd\u00ebrsa automjetet kan\u00eb p\u00ebsuar d\u00ebmtime [&hellip;]<\/p>\n","protected":false,"gt_translate_keys":[{"key":"rendered","format":"html"}]},"author":32,"featured_media":251002,"comment_status":"open","ping_status":"open","sticky":false,"template":"","format":"standard","meta":{"footnotes":""},"categories":[65],"tags":[],"class_list":["post-256940","post","type-post","status-publish","format-standard","has-post-thumbnail","hentry","category-lajme"],"gt_translate_keys":[{"key":"link","format":"url"}],"_links":{"self":[{"href":"https:\/\/www.hashtag.al\/index.php\/wp-json\/wp\/v2\/posts\/256940","targetHints":{"allow":["GET"]}}],"collection":[{"href":"https:\/\/www.hashtag.al\/index.php\/wp-json\/wp\/v2\/posts"}],"about":[{"href":"https:\/\/www.hashtag.al\/index.php\/wp-json\/wp\/v2\/types\/post"}],"author":[{"embeddable":true,"href":"https:\/\/www.hashtag.al\/index.php\/wp-json\/wp\/v2\/users\/32"}],"replies":[{"embeddable":true,"href":"https:\/\/www.hashtag.al\/index.php\/wp-json\/wp\/v2\/comments?post=256940"}],"version-history":[{"count":0,"href":"https:\/\/www.hashtag.al\/index.php\/wp-json\/wp\/v2\/posts\/256940\/revisions"}],"wp:featuredmedia":[{"embeddable":true,"href":"https:\/\/www.hashtag.al\/index.php\/wp-json\/wp\/v2\/media\/251002"}],"wp:attachment":[{"href":"https:\/\/www.hashtag.al\/index.php\/wp-json\/wp\/v2\/media?parent=256940"}],"wp:term":[{"taxonomy":"category","embeddable":true,"href":"https:\/\/www.hashtag.al\/index.php\/wp-json\/wp\/v2\/categories?post=256940"},{"taxonomy":"post_tag","embeddable":true,"href":"https:\/\/www.hashtag.al\/index.php\/wp-json\/wp\/v2\/tags?post=256940"}],"curies":[{"name":"wp","href":"https:\/\/api.w.org\/{rel}","templated":true}]}}