{"id":256935,"date":"2018-12-09T17:00:24","date_gmt":"2018-12-09T16:00:24","guid":{"rendered":"https:\/\/hashtag.al\/?p=256935"},"modified":"2018-12-09T17:02:30","modified_gmt":"2018-12-09T16:02:30","slug":"reformen-e-arsimit-e-beri-qeveria-e-tij-rama-kerkon-bashkim-me-studentet-kunder-administrimit-te-universiteteve","status":"publish","type":"post","link":"https:\/\/www.hashtag.al\/index.php\/2018\/12\/09\/reformen-e-arsimit-e-beri-qeveria-e-tij-rama-kerkon-bashkim-me-studentet-kunder-administrimit-te-universiteteve\/","title":{"rendered":"Reform\u00ebn e Arsimit e b\u00ebri qeveria e tij, Rama k\u00ebrkon bashkim me student\u00ebt kund\u00ebr administrimit t\u00eb universiteteve","gt_translate_keys":[{"key":"rendered","format":"text"}]},"content":{"rendered":"<p><img loading=\"lazy\" decoding=\"async\" class=\"aligncenter size-full wp-image-256371\" src=\"https:\/\/hashtag.al\/wp-content\/uploads\/2018\/12\/banoretrama7dhjetor.jpg\" alt=\"\" width=\"2000\" height=\"1000\" srcset=\"https:\/\/www.hashtag.al\/wp-content\/uploads\/2018\/12\/banoretrama7dhjetor.jpg 2000w, https:\/\/www.hashtag.al\/wp-content\/uploads\/2018\/12\/banoretrama7dhjetor-300x150.jpg 300w, https:\/\/www.hashtag.al\/wp-content\/uploads\/2018\/12\/banoretrama7dhjetor-768x384.jpg 768w, https:\/\/www.hashtag.al\/wp-content\/uploads\/2018\/12\/banoretrama7dhjetor-1024x512.jpg 1024w\" sizes=\"auto, (max-width: 2000px) 100vw, 2000px\" \/><\/p>\n<p>Kryeministri Edi Rama pasi k\u00ebrkoi dialog me student\u00ebt p\u00ebr dit\u00ebn e nes\u00ebrme ka folur pas paraqitjes s\u00eb k\u00ebrkesave t\u00eb panegociueshme nga protestuesit.<\/p>\n<p>N\u00eb daljen e tij n\u00eb Facebook, Rama ka k\u00ebrkuar q\u00eb student\u00ebt t\u00eb bashkohen me t\u00eb kund\u00ebrr administrimit t\u00eb universiteteve, funksionimi i t\u00eb cil\u00ebs doli nga Reforma Arsimore e hartuar dhe miratuar nga qeveria Rama n\u00eb mandatin e par\u00eb.<\/p>\n<p>Si duket Rama e pranon indirekt d\u00ebshtimin e reform\u00ebs s\u00eb tij p\u00ebr t\u00eb cil\u00ebn tani k\u00ebrkon ndihm\u00ebn e student\u00ebve p\u00ebr t\u00eb ndryshuar at\u00eb.<\/p>\n<p>\u201c<em>Na duhet nj\u00eb l\u00ebvizje e fort\u00eb dhe e bashkuar. As mos u \u00e7udisni se po p\u00ebrpiqem t\u2019u b\u00ebj magji protestuesve q\u00eb t\u00eb shp\u00ebrndahen. Un\u00eb nuk dua q\u00eb t\u00eb shp\u00ebrndahen dhe t\u00eb marrin nj\u00eb fitore momental. Kjo e imja nuk \u00ebsht\u00eb taktik\u00eb, por shprehje e hapur e nj\u00eb frustrimi t\u00eb gjat\u00eb n\u00eb sistemin e universiteteve, dhe pik\u00ebrisht tani duhet nj\u00eb strategji e p\u00ebrbashk\u00ebt student-qeveri, nj\u00eb bashk\u00ebpunim i domosdosh\u00ebm. Jo zgjidhje brenda qerthullit vicioz. Duhet t\u00eb bashkohemi kund\u00ebr korrupsionit, kultur\u00ebs s\u00eb falsifikimit dhe keqadministrimit t\u00eb universiteteve. Pa qeverin\u00eb nuk e b\u00ebjn\u00eb dot student\u00ebt sepse nuk kan\u00eb autoritet, qeveria nuk e b\u00ebn dot pa student\u00ebt. Prandaj kemi arritur n\u00eb k\u00ebt\u00eb pik\u00eb. Kuptohemi mir\u00eb, student\u00ebt nuk jan\u00eb pa t\u00eb meta dhe qeveria nuk \u00ebsht\u00eb pa kusure<\/em>\u201d- deklaroi Rama.<\/p>\n<p><img loading=\"lazy\" decoding=\"async\" class=\"aligncenter size-full wp-image-256936\" src=\"https:\/\/hashtag.al\/wp-content\/uploads\/2018\/12\/rama-1024x564.png\" alt=\"\" width=\"1024\" height=\"564\" srcset=\"https:\/\/www.hashtag.al\/wp-content\/uploads\/2018\/12\/rama-1024x564.png 1024w, https:\/\/www.hashtag.al\/wp-content\/uploads\/2018\/12\/rama-1024x564-300x165.png 300w, https:\/\/www.hashtag.al\/wp-content\/uploads\/2018\/12\/rama-1024x564-768x423.png 768w\" sizes=\"auto, (max-width: 1024px) 100vw, 1024px\" \/><\/p>\n","protected":false,"gt_translate_keys":[{"key":"rendered","format":"html"}]},"excerpt":{"rendered":"<p>Kryeministri Edi Rama pasi k\u00ebrkoi dialog me student\u00ebt p\u00ebr dit\u00ebn e nes\u00ebrme ka folur pas paraqitjes s\u00eb k\u00ebrkesave t\u00eb panegociueshme nga protestuesit. N\u00eb daljen e tij n\u00eb Facebook, Rama ka k\u00ebrkuar q\u00eb student\u00ebt t\u00eb bashkohen me t\u00eb kund\u00ebrr administrimit t\u00eb universiteteve, funksionimi i t\u00eb cil\u00ebs doli nga Reforma Arsimore e hartuar dhe miratuar nga qeveria [&hellip;]<\/p>\n","protected":false,"gt_translate_keys":[{"key":"rendered","format":"html"}]},"author":32,"featured_media":256937,"comment_status":"open","ping_status":"open","sticky":false,"template":"","format":"standard","meta":{"footnotes":""},"categories":[65],"tags":[],"class_list":["post-256935","post","type-post","status-publish","format-standard","has-post-thumbnail","hentry","category-lajme"],"gt_translate_keys":[{"key":"link","format":"url"}],"_links":{"self":[{"href":"https:\/\/www.hashtag.al\/index.php\/wp-json\/wp\/v2\/posts\/256935","targetHints":{"allow":["GET"]}}],"collection":[{"href":"https:\/\/www.hashtag.al\/index.php\/wp-json\/wp\/v2\/posts"}],"about":[{"href":"https:\/\/www.hashtag.al\/index.php\/wp-json\/wp\/v2\/types\/post"}],"author":[{"embeddable":true,"href":"https:\/\/www.hashtag.al\/index.php\/wp-json\/wp\/v2\/users\/32"}],"replies":[{"embeddable":true,"href":"https:\/\/www.hashtag.al\/index.php\/wp-json\/wp\/v2\/comments?post=256935"}],"version-history":[{"count":0,"href":"https:\/\/www.hashtag.al\/index.php\/wp-json\/wp\/v2\/posts\/256935\/revisions"}],"wp:featuredmedia":[{"embeddable":true,"href":"https:\/\/www.hashtag.al\/index.php\/wp-json\/wp\/v2\/media\/256937"}],"wp:attachment":[{"href":"https:\/\/www.hashtag.al\/index.php\/wp-json\/wp\/v2\/media?parent=256935"}],"wp:term":[{"taxonomy":"category","embeddable":true,"href":"https:\/\/www.hashtag.al\/index.php\/wp-json\/wp\/v2\/categories?post=256935"},{"taxonomy":"post_tag","embeddable":true,"href":"https:\/\/www.hashtag.al\/index.php\/wp-json\/wp\/v2\/tags?post=256935"}],"curies":[{"name":"wp","href":"https:\/\/api.w.org\/{rel}","templated":true}]}}