{"id":256930,"date":"2018-12-09T16:40:48","date_gmt":"2018-12-09T15:40:48","guid":{"rendered":"https:\/\/hashtag.al\/?p=256930"},"modified":"2018-12-10T09:25:33","modified_gmt":"2018-12-10T08:25:33","slug":"pse-arlindi-dhe-op-kane-nje-problem-me-opoziten","status":"publish","type":"post","link":"https:\/\/www.hashtag.al\/index.php\/2018\/12\/09\/pse-arlindi-dhe-op-kane-nje-problem-me-opoziten\/","title":{"rendered":"Pse Arlindi dhe OP kan\u00eb nj\u00eb problem me opozit\u00ebn?","gt_translate_keys":[{"key":"rendered","format":"text"}]},"content":{"rendered":"<p><a href=\"https:\/\/hashtag.al\/wp-content\/uploads\/2018\/12\/radikale-arlind-qorri.jpg\"><img loading=\"lazy\" decoding=\"async\" class=\"aligncenter size-full wp-image-256931\" src=\"https:\/\/hashtag.al\/wp-content\/uploads\/2018\/12\/radikale-arlind-qorri.jpg\" alt=\"\" width=\"1920\" height=\"1080\" srcset=\"https:\/\/www.hashtag.al\/wp-content\/uploads\/2018\/12\/radikale-arlind-qorri.jpg 1920w, https:\/\/www.hashtag.al\/wp-content\/uploads\/2018\/12\/radikale-arlind-qorri-300x169.jpg 300w, https:\/\/www.hashtag.al\/wp-content\/uploads\/2018\/12\/radikale-arlind-qorri-768x432.jpg 768w, https:\/\/www.hashtag.al\/wp-content\/uploads\/2018\/12\/radikale-arlind-qorri-1024x576.jpg 1024w\" sizes=\"auto, (max-width: 1920px) 100vw, 1920px\" \/><\/a><\/p>\n<p><em><strong><span style=\"color: #000000;\">Nga Habjon Hasani<\/span><\/strong><\/em><\/p>\n<p><span style=\"color: #000000;\">Jani Marka, nj\u00eb pedagog i Organizat\u00ebs Politike u neutralizua sot gjat\u00eb protest\u00ebs s\u00eb student\u00ebve, disa persona e nd\u00ebrpren\u00eb at\u00eb befasisht nd\u00ebrsa tentoi t\u00eb merrte fjal\u00ebn, e zbrit\u00ebn nga karrigia dhe i hoq\u00ebn megafonin.<\/span><\/p>\n<p><span style=\"color: #000000;\">Akti ndaj pedagogut Marka n\u00eb fakt \u00ebsht\u00eb reagim ndaj organizat\u00ebs ku ai aderon, nj\u00eb entitet i quajtur Organizata Politike e udh\u00ebhequr nga pedagogu Arlind Qori.<\/span><\/p>\n<p><span style=\"color: #000000;\">Kjo organizat\u00eb ka arritur t\u00eb krijoj\u00eb nj\u00eb profil unik\u00a0 vitet e fundit, jo vet\u00ebm p\u00ebr ideologjin\u00eb q\u00eb p\u00ebrqafon, nj\u00eb ideologji filo-komuniste, por edhe p\u00ebr aft\u00ebsi t\u00eb spikatura t\u00eb aktivist\u00ebve t\u00eb saj n\u00eb disa protesta. Aktivist\u00ebt e k\u00ebsaj organizate shfaqen t\u00eb st\u00ebrvitur, t\u00eb artikuluar, t\u00eb trajnuar, ata din\u00eb t\u00eb spikasin dhe t\u00eb orientojn\u00eb nj\u00eb protest\u00eb dhe kur protesta nis pa dijenin\u00eb e OP.<\/span><\/p>\n<p><span style=\"color: #000000;\">Por me rritjen e profilit publik t\u00eb k\u00ebsaj organizate, paralelisht u rrit dhe agresiviteti i saj, n\u00eb disa protesta n\u00eb t\u00eb kaluar\u00ebn kjo organizat\u00eb ka tentuar t\u00eb p\u00ebrjashtoj\u00eb, madje dhe ka sulmuar p\u00ebrpjekje t\u00eb partive opozitare p\u00ebr t\u00eb mb\u00ebshtetur k\u00ebto protesta.<\/span><\/p>\n<p><span style=\"color: #000000;\">Rasti m\u00eb flagrant ka qen\u00eb ai i disa muajve m\u00eb par\u00eb me marshuesit e Zharr\u00ebz\u00ebs, ku an\u00ebtar\u00eb t\u00eb OP n\u00eb m\u00ebnyr\u00eb agresive u p\u00ebrpoq\u00ebn t\u00eb p\u00ebrzinin kreun e PD-s\u00eb Lulzim Basha nd\u00ebrsa ky donte t\u00eb takonte protestuesit e Zharr\u00ebz\u00ebs.<\/span><\/p>\n<p><span style=\"color: #000000;\">Ky ishte nj\u00eb akt q\u00eb krijoi dyshime mbi rolin dhe objektivat e k\u00ebsaj organizate, pasi veprimi i tyre ishte t\u00ebr\u00ebsisht i papjekur, e mbi t\u00eb gjitha n\u00eb kund\u00ebrshtim me vet vullnetin e protestues\u00ebve t\u00eb Zharr\u00ebz\u00ebs, t\u00eb cil\u00ebt, pak m\u00eb von\u00eb i k\u00ebrkuan OP-s\u00eb q\u00eb t\u00eb largohej nga protesta e tyre.<\/span><\/p>\n<p><span style=\"color: #000000;\">Personalisht kam qen\u00eb i dyzuar mbi q\u00ebndrimin q\u00eb duhet t\u00eb mbaj n\u00eb <em>Hashtag.al<\/em> ndaj k\u00ebsaj organizate. Sepse i vler\u00ebsoj disa nga aksionet e saj, idet\u00eb q\u00eb ka p\u00ebrcjell\u00eb mbi \u00e7\u00ebshtje me interes publik n\u00eb t\u00eb kaluar\u00ebn, i gjej me kuptim.<\/span><\/p>\n<p><span style=\"color: #000000;\">Sikund\u00ebr kam par\u00eb me dyshim m\u00ebnyr\u00ebn se si kjo organizat\u00eb ka mpir\u00eb disa protesta si pasoj\u00eb e akteve t\u00eb saj t\u00eb papjekura ose p\u00ebrjashtuese dhe sidomos nj\u00eb lloj mburrjeje q\u00eb shfaq kjo organizat\u00eb, t\u00eb tipit: <em>ne jemi t\u00eb virgj\u00ebr, xix t\u00eb past\u00ebr, t\u00eb pakorruptuar, t\u00eb varf\u00ebr, gati-gati perfekt.<\/em><\/span><\/p>\n<p><span style=\"color: #000000;\">E kam t\u00eb pamundur t\u00eb besoj se n\u00eb nj\u00eb vend si Shqip\u00ebria, ku dhe p\u00ebr t\u00eb caktuar se kush do pun\u00ebsohet zdrukth\u00ebtar n\u00eb Bashkin\u00eb e Lushnjes, vendimi merret n\u00eb Tiran\u00eb, krejt papritur ekzistoka nj\u00eb oaz i d\u00eblir\u00eb dhe i virgj\u00ebr, krejt i shk\u00ebputur nga qerthulli i interesave dhe ndikimeve politike.<\/span><\/p>\n<p><span style=\"color: #000000;\">P\u00ebr m\u00eb tep\u00ebr kur n\u00eb Shqip\u00ebri disa vite m\u00eb par\u00eb \u00ebsht\u00eb konsumuar ndoshta akti m\u00eb i r\u00ebnd\u00eb i mashtrimit me k\u00ebto \u201corganizatat e pavarura\u201d, ku nj\u00eb nd\u00ebr organizatat e dikurshme m\u00eb t\u00eb promovuara n\u00eb publik, jo vet\u00ebm q\u00eb nuk i sh\u00ebrbeu shoq\u00ebris\u00eb civile dhe interesit publik, por\u00a0 p\u00ebrkundrazi ,prodhoi nj\u00eb lider q\u00eb \u00ebsht\u00eb t\u00ebr\u00ebsisht sot n\u00eb sh\u00ebrbim t\u00eb partive \u201ct\u00eb vjetra\u201d politike dhe i lidhur me 101 fije me oligark\u00ebt. P\u00ebr MJAFT-in dhe Erion Veliajn \u00ebsht\u00eb fjala.\u00a0<\/span><\/p>\n<p><span style=\"color: #000000;\">Duke patur parasysh dhe precedentin e MJAFT-it dikur, jemi t\u00ebr\u00ebsisht legjitim t\u00eb dyshojm\u00eb dhe prapavij\u00ebn e loj\u00ebs\u00a0 s\u00eb Organizat\u00ebs Politike dhe cilitdo entitet q\u00eb na shfaqet me \u201cvlera absolute\u201d q\u00eb akuzon gjith\u00ebk\u00ebnd p\u00ebr kompromentim, e k\u00ebrkon t\u00eb imponohet n\u00eb em\u00ebr t\u00eb \u201cvirgj\u00ebris\u00eb\u201d s\u00eb vet.<\/span><\/p>\n<p><span style=\"color: #000000;\">Shqip\u00ebria \u00ebsht\u00eb nj\u00eb katund i katundit Ballkanik, e p\u00ebrfshir\u00eb n\u00eb nj\u00eb dynja ku rolin e lokomotiv\u00ebs e luajn\u00eb koorporatat, bankat dhe ata q\u00eb quhen oligark\u00ebt e sistemit.<\/span><\/p>\n<p><span style=\"color: #000000;\">N\u00eb nj\u00eb koh\u00eb kur dhe Kina q\u00eb \u00ebsht\u00eb zyrtarisht shtet komunist, \u00ebsht\u00eb e detyruar t\u2019i n\u00ebnshtrohet rregullave filo-koorporative t\u00eb sistemit ekonomik bot\u00ebror, e kam t\u00eb pamundur t\u00eb besoj se nj\u00eb organizat\u00eb me ca t\u00eb rinj n\u00eb Tiran\u00eb, do shemb\u00eb sistemin duke u bazuar te ideologjia komuniste.<\/span><\/p>\n<p><span style=\"color: #000000;\">Jan\u00eb bro\u00e7kulla. Ose, mund t\u00eb jen\u00eb dhe bro\u00e7kulla t\u00eb menduara mir\u00eb.<\/span><\/p>\n<p><span style=\"color: #000000;\">Sepse nj\u00eb sistem filo-koorporativ q\u00eb kontrollon \u00e7do aspekt t\u00eb jet\u00ebs, mbase nuk e ka dhe aq t\u00eb v\u00ebshtir\u00eb t\u00eb financoj\u00eb dhe t\u00eb na p\u00ebrball\u00eb me iluzionin e opozitave t\u00eb virgj\u00ebra,\u00a0 l\u00ebvizjeve n\u00eb dukje idealiste, por t\u00ebr\u00ebsisht n\u00ebn kontroll t\u00eb kujt i krijoi dhe financoi.<\/span><\/p>\n<p><span style=\"color: #000000;\">Ka shembuj konkret\u00eb t\u00eb k\u00ebsaj.<\/span><\/p>\n<p><span style=\"color: #000000;\">P\u00ebr shembull, Fondacioni Soros (Projekti Hausmman) \u00ebsht\u00eb zyrtarisht nism\u00ebtar i atij ligjit t\u00eb famsh\u00ebm PPP t\u00eb koncensioneve q\u00eb ka shkaktuar aq d\u00ebme k\u00ebto vitet e fundit, ama i nj\u00ebjti fondacion, ka financuar k\u00ebtu n\u00eb Tiran\u00eb edhe media investigative q\u00eb her\u00eb pas here e pickojn\u00eb ndonj\u00eb koncension. Dhe kaq.<br \/>\nKoncensionet vazhdojn\u00eb prodhojn\u00eb fitime vit pas viti, nd\u00ebrsa shkrimet investigative harroen pas tre dit\u00ebsh.<\/span><\/p>\n<p><span style=\"color: #000000;\"> Ndaj dhe krijimi i opozitave iluzive nga vet\u00eb mogul\u00ebt e sistemit, nuk \u00ebsht\u00eb aspak \u00e7udi apo di\u00e7ka e papritur. P\u00ebrkundrazi, \u00ebsht\u00eb tipar i sistemit.<\/span><\/p>\n<p><span style=\"color: #000000;\">N\u00eb k\u00ebto kushte \u00ebsht\u00eb gj\u00ebja m\u00eb legjitime, m\u00eb logjike, q\u00eb kur n\u00eb horizont na shfaqen organizata politike ose apolitike, q\u00eb na shesin virgj\u00ebri, ne t\u00eb b\u00ebjm\u00eb disa pyetje.\u00a0<\/span><\/p>\n<p><span style=\"color: #000000;\">P\u00ebr m\u00eb tep\u00ebr q\u00eb askush nuk mund ta k\u00ebrkoj\u00eb besueshm\u00ebrin\u00eb n\u00eb paradh\u00ebnie.<\/span><\/p>\n<p><span style=\"color: #000000;\">Arlind Qori apo kushdo tjet\u00ebr mund t\u00eb ket\u00eb q\u00ebllimet m\u00eb t\u00eb pastra n\u00eb bot\u00eb, por s\u2019mund t\u00eb na e k\u00ebrkoj\u00eb besimin n\u00eb paradh\u00ebnie. Fakti q\u00eb Arlindi mendon ose thot\u00eb se \u00ebsht\u00eb \u201ci virgj\u00ebr\u201d nuk \u00ebsht\u00eb ndonj\u00eb arsye p\u00ebr ta marr\u00eb t\u00eb mir\u00ebqen\u00eb pretendimin e tij\u00a0 mbi veten ose dhe organizat\u00ebn e tij.<\/span><\/p>\n<p><span style=\"color: #000000;\">Nuk kemi asnj\u00eb prov\u00eb se Organizata Politike di ta ushtroj\u00eb pushtetin m\u00eb mir\u00eb se PS-PD-LSI, s\u2019kemi ndonj\u00eb prov\u00eb t\u00eb k\u00ebsaj.<\/span><\/p>\n<p><span style=\"color: #000000;\">E vetmja prov\u00eb q\u00eb kemi deri m\u00eb sot \u00ebsht\u00eb se ata jan\u00eb aktiv\u00eb n\u00eb protesta, i b\u00ebjn\u00eb moral t\u00eb gjith\u00ebve dhe pretendojn\u00eb se jan\u00eb m\u00eb t\u00eb past\u00ebr dhe m\u00eb t\u00eb mir\u00eb se t\u00eb tjer\u00ebt. <\/span><br \/>\n<span style=\"color: #000000;\"> Mbi k\u00ebt\u00eb pretendim, shpesh kan\u00eb b\u00ebr\u00eb p\u00ebrpjekje q\u00eb dhe t\u00eb p\u00ebrjashtojn\u00eb partit\u00eb e tjera nga p\u00ebrfshirja n\u00ebp\u00ebr protesta.<\/span><\/p>\n<p><span style=\"color: #000000;\">Mir\u00ebpo ato partit\u00eb e tjera, ndon\u00ebse kan\u00eb njolla kompromentimi gjat\u00eb koh\u00ebs kur kan\u00eb qen\u00eb vet n\u00eb pushtet,\u00a0 n\u00eb ndryshim nga OP-ja e Arlindit, jan\u00eb t\u00eb mandatuara, kan\u00eb baz\u00eb popullore. Kan\u00eb forc\u00eb reale aty n\u00eb terren.<\/span><\/p>\n<p><a href=\"https:\/\/hashtag.al\/wp-content\/uploads\/2018\/12\/5c0cddc7b0af1arlind-qorri-1.jpg\"><img loading=\"lazy\" decoding=\"async\" class=\"aligncenter size-full wp-image-256932\" src=\"https:\/\/hashtag.al\/wp-content\/uploads\/2018\/12\/5c0cddc7b0af1arlind-qorri-1.jpg\" alt=\"\" width=\"602\" height=\"333\" srcset=\"https:\/\/www.hashtag.al\/wp-content\/uploads\/2018\/12\/5c0cddc7b0af1arlind-qorri-1.jpg 602w, https:\/\/www.hashtag.al\/wp-content\/uploads\/2018\/12\/5c0cddc7b0af1arlind-qorri-1-300x166.jpg 300w\" sizes=\"auto, (max-width: 602px) 100vw, 602px\" \/><\/a><\/p>\n<p><span style=\"color: #000000;\">Sot me gjestin ndaj pedagogut Jani Marka nuk ka ndodhur asgj\u00eb tjet\u00ebr p\u00ebrve\u00e7se demonstrimi i k\u00ebsaj force, partit\u00eb\u00a0 kan\u00eb ushtruar forc\u00ebn e tyre ndaj nj\u00eb organizate q\u00eb k\u00ebrkon t\u2019i asgj\u00ebsoj\u00eb nga protesta, kan\u00eb neutralizuar nj\u00eb organizat\u00eb q\u00eb k\u00ebtyre partive u shet moral t\u00eb kulluar.<\/span><\/p>\n<p><span style=\"color: #000000;\">Teza e \u201cmoralit t\u00eb kulluar\u201d \u00ebsht\u00eb djegur q\u00eb me precedentin e Erjon Veliajt, k\u00ebshtu shiste dhe ai moral t\u00eb kulluar dikur me l\u00ebvizjen MJAFT, nd\u00ebrsa sot ne e kemi p\u00ebrball\u00eb si ortakun dhe menaxherin kryesor\u00eb t\u00eb oligark\u00ebve t\u00eb vendit.<\/span><\/p>\n<p><span style=\"color: #000000;\">N\u00eb at\u00eb protest\u00eb ka vend p\u00ebr t\u00eb gjith\u00eb ata q\u00eb mb\u00ebshtesin sinqerisht pretendimet e student\u00ebve. <\/span><br \/>\n<span style=\"color: #000000;\"> N\u00ebse Organizata Politike d\u00ebshiron t\u00eb p\u00ebrjashtoj\u00eb faktor\u00eb t\u00eb caktuar politik\u00eb opozitar\u00eb, ka dy rrug\u00eb:<\/span><\/p>\n<p><span style=\"color: #000000;\">-Duhet t\u00eb provoj\u00eb se \u00ebsht\u00eb v\u00ebrtet\u00eb e kulluar si\u00e7 pretendon, por k\u00ebt\u00eb mund ta provosh vet\u00ebm pasi vjen n\u00eb pushtet. <\/span><br \/>\n<span style=\"color: #000000;\"> -Ose duhet t\u00eb posedoj\u00eb nj\u00eb mb\u00ebshtetje popullore aty n\u00eb terren aq t\u00eb fort\u00eb sa t\u2019i p\u00ebrz\u00ebr\u00eb me forc\u00eb k\u00ebta p\u00ebrfaq\u00ebsues partiak\u00eb.<\/span><\/p>\n<p><span style=\"color: #000000;\">Me \u00e7\u2019duket nuk e posedon as k\u00ebt\u00eb mb\u00ebshtetje mbar\u00ebpopullore.<\/span><\/p>\n<p><span style=\"color: #000000;\"> Morali i kulluar \u00ebsht\u00eb tep\u00ebr i bukur teorikisht, por n\u00eb k\u00ebto vite eksperimentesh me organizata \u201ct\u00eb virgj\u00ebra\u201d, nuk \u00ebsht\u00eb rritur vet\u00ebm Veliaj, por \u00ebsht\u00eb rritur dhe Shqip\u00ebria.<\/span><\/p>\n<p><span style=\"color: #000000;\">Morali i kulluar nuk bind m\u00eb ask\u00ebnd. <strong><em>\/ Hashtag.al<\/em><\/strong><\/span><\/p>\n","protected":false,"gt_translate_keys":[{"key":"rendered","format":"html"}]},"excerpt":{"rendered":"<p>Nga Habjon Hasani Jani Marka, nj\u00eb pedagog i Organizat\u00ebs Politike u neutralizua sot gjat\u00eb protest\u00ebs s\u00eb student\u00ebve, disa persona e nd\u00ebrpren\u00eb at\u00eb befasisht nd\u00ebrsa tentoi t\u00eb merrte fjal\u00ebn, e zbrit\u00ebn nga karrigia dhe i hoq\u00ebn megafonin. Akti ndaj pedagogut Marka n\u00eb fakt \u00ebsht\u00eb reagim ndaj organizat\u00ebs ku ai aderon, nj\u00eb entitet i quajtur Organizata Politike [&hellip;]<\/p>\n","protected":false,"gt_translate_keys":[{"key":"rendered","format":"html"}]},"author":4,"featured_media":256931,"comment_status":"open","ping_status":"open","sticky":false,"template":"","format":"standard","meta":{"footnotes":""},"categories":[23],"tags":[],"class_list":["post-256930","post","type-post","status-publish","format-standard","has-post-thumbnail","hentry","category-editorial"],"gt_translate_keys":[{"key":"link","format":"url"}],"_links":{"self":[{"href":"https:\/\/www.hashtag.al\/index.php\/wp-json\/wp\/v2\/posts\/256930","targetHints":{"allow":["GET"]}}],"collection":[{"href":"https:\/\/www.hashtag.al\/index.php\/wp-json\/wp\/v2\/posts"}],"about":[{"href":"https:\/\/www.hashtag.al\/index.php\/wp-json\/wp\/v2\/types\/post"}],"author":[{"embeddable":true,"href":"https:\/\/www.hashtag.al\/index.php\/wp-json\/wp\/v2\/users\/4"}],"replies":[{"embeddable":true,"href":"https:\/\/www.hashtag.al\/index.php\/wp-json\/wp\/v2\/comments?post=256930"}],"version-history":[{"count":0,"href":"https:\/\/www.hashtag.al\/index.php\/wp-json\/wp\/v2\/posts\/256930\/revisions"}],"wp:featuredmedia":[{"embeddable":true,"href":"https:\/\/www.hashtag.al\/index.php\/wp-json\/wp\/v2\/media\/256931"}],"wp:attachment":[{"href":"https:\/\/www.hashtag.al\/index.php\/wp-json\/wp\/v2\/media?parent=256930"}],"wp:term":[{"taxonomy":"category","embeddable":true,"href":"https:\/\/www.hashtag.al\/index.php\/wp-json\/wp\/v2\/categories?post=256930"},{"taxonomy":"post_tag","embeddable":true,"href":"https:\/\/www.hashtag.al\/index.php\/wp-json\/wp\/v2\/tags?post=256930"}],"curies":[{"name":"wp","href":"https:\/\/api.w.org\/{rel}","templated":true}]}}