{"id":256927,"date":"2018-12-09T16:25:28","date_gmt":"2018-12-09T15:25:28","guid":{"rendered":"https:\/\/hashtag.al\/?p=256927"},"modified":"2018-12-09T16:57:16","modified_gmt":"2018-12-09T15:57:16","slug":"rama-e-provon-perseri-i-kerkon-dialog-ne-facebook-studentet-e-refuzojne","status":"publish","type":"post","link":"https:\/\/www.hashtag.al\/index.php\/2018\/12\/09\/rama-e-provon-perseri-i-kerkon-dialog-ne-facebook-studentet-e-refuzojne\/","title":{"rendered":"Rama e provon p\u00ebrs\u00ebri, i k\u00ebrkon dialog n\u00eb Facebook, student\u00ebt e refuzojn\u00eb","gt_translate_keys":[{"key":"rendered","format":"text"}]},"content":{"rendered":"<p><img loading=\"lazy\" decoding=\"async\" class=\"aligncenter size-full wp-image-256372\" src=\"https:\/\/hashtag.al\/wp-content\/uploads\/2018\/12\/ramabanoret.jpg\" alt=\"\" width=\"2000\" height=\"1000\" srcset=\"https:\/\/www.hashtag.al\/wp-content\/uploads\/2018\/12\/ramabanoret.jpg 2000w, https:\/\/www.hashtag.al\/wp-content\/uploads\/2018\/12\/ramabanoret-300x150.jpg 300w, https:\/\/www.hashtag.al\/wp-content\/uploads\/2018\/12\/ramabanoret-768x384.jpg 768w, https:\/\/www.hashtag.al\/wp-content\/uploads\/2018\/12\/ramabanoret-1024x512.jpg 1024w\" sizes=\"auto, (max-width: 2000px) 100vw, 2000px\" \/><\/p>\n<p>Pas ftes\u00ebs s\u00eb par\u00eb q\u00eb i b\u00ebri disa dit\u00eb m\u00eb par\u00eb, p\u00ebr t\u00eb nisur nj\u00eb dialog me student\u00ebt, Kryeministri Edi Rama i ka k\u00ebrkuar s\u00ebrish dialog student\u00ebve q\u00eb po protestojn\u00eb n\u00eb dit\u00ebn e 6 t\u00eb tyre p\u00ebrpara ministris\u00eb s\u00eb Arsimit.<\/p>\n<p>K\u00ebt\u00eb her\u00eb ndryshe nga rradha e par\u00eb ku i ftovi p\u00ebr dialog n\u00eb zyr\u00eb Rama ka zgjedhur q\u00eb teknik\u00ebn e re ta b\u00ebj\u00eb n\u00ebp\u00ebrmjet Facebook-ut dit\u00ebn e h\u00ebn\u00eb n\u00eb or\u00ebn 11:00.<\/p>\n<p><img loading=\"lazy\" decoding=\"async\" class=\"aligncenter size-full wp-image-256928\" src=\"https:\/\/hashtag.al\/wp-content\/uploads\/2018\/12\/47571967_10156298153426523_4487046668792889344_n.jpg\" alt=\"\" width=\"960\" height=\"528\" srcset=\"https:\/\/www.hashtag.al\/wp-content\/uploads\/2018\/12\/47571967_10156298153426523_4487046668792889344_n.jpg 960w, https:\/\/www.hashtag.al\/wp-content\/uploads\/2018\/12\/47571967_10156298153426523_4487046668792889344_n-300x165.jpg 300w, https:\/\/www.hashtag.al\/wp-content\/uploads\/2018\/12\/47571967_10156298153426523_4487046668792889344_n-768x422.jpg 768w\" sizes=\"auto, (max-width: 960px) 100vw, 960px\" \/><\/p>\n<p>Por pasi kan\u00eb marr\u00eb lajmin nga Rama t\u00eb b\u00ebr\u00eb t\u00eb ditur n\u00eb Facebook, student\u00ebt jan\u00eb shprehur nga protesta se nuk ka dialog me Kryeministrin, por ka vet\u00ebm nj\u00eb zgjidhje plot\u00ebsimi i k\u00ebrkesave t\u00eb tyre.<\/p>\n","protected":false,"gt_translate_keys":[{"key":"rendered","format":"html"}]},"excerpt":{"rendered":"<p>Pas ftes\u00ebs s\u00eb par\u00eb q\u00eb i b\u00ebri disa dit\u00eb m\u00eb par\u00eb, p\u00ebr t\u00eb nisur nj\u00eb dialog me student\u00ebt, Kryeministri Edi Rama i ka k\u00ebrkuar s\u00ebrish dialog student\u00ebve q\u00eb po protestojn\u00eb n\u00eb dit\u00ebn e 6 t\u00eb tyre p\u00ebrpara ministris\u00eb s\u00eb Arsimit. K\u00ebt\u00eb her\u00eb ndryshe nga rradha e par\u00eb ku i ftovi p\u00ebr dialog n\u00eb zyr\u00eb Rama [&hellip;]<\/p>\n","protected":false,"gt_translate_keys":[{"key":"rendered","format":"html"}]},"author":32,"featured_media":256928,"comment_status":"open","ping_status":"open","sticky":false,"template":"","format":"standard","meta":{"footnotes":""},"categories":[65],"tags":[],"class_list":["post-256927","post","type-post","status-publish","format-standard","has-post-thumbnail","hentry","category-lajme"],"gt_translate_keys":[{"key":"link","format":"url"}],"_links":{"self":[{"href":"https:\/\/www.hashtag.al\/index.php\/wp-json\/wp\/v2\/posts\/256927","targetHints":{"allow":["GET"]}}],"collection":[{"href":"https:\/\/www.hashtag.al\/index.php\/wp-json\/wp\/v2\/posts"}],"about":[{"href":"https:\/\/www.hashtag.al\/index.php\/wp-json\/wp\/v2\/types\/post"}],"author":[{"embeddable":true,"href":"https:\/\/www.hashtag.al\/index.php\/wp-json\/wp\/v2\/users\/32"}],"replies":[{"embeddable":true,"href":"https:\/\/www.hashtag.al\/index.php\/wp-json\/wp\/v2\/comments?post=256927"}],"version-history":[{"count":0,"href":"https:\/\/www.hashtag.al\/index.php\/wp-json\/wp\/v2\/posts\/256927\/revisions"}],"wp:featuredmedia":[{"embeddable":true,"href":"https:\/\/www.hashtag.al\/index.php\/wp-json\/wp\/v2\/media\/256928"}],"wp:attachment":[{"href":"https:\/\/www.hashtag.al\/index.php\/wp-json\/wp\/v2\/media?parent=256927"}],"wp:term":[{"taxonomy":"category","embeddable":true,"href":"https:\/\/www.hashtag.al\/index.php\/wp-json\/wp\/v2\/categories?post=256927"},{"taxonomy":"post_tag","embeddable":true,"href":"https:\/\/www.hashtag.al\/index.php\/wp-json\/wp\/v2\/tags?post=256927"}],"curies":[{"name":"wp","href":"https:\/\/api.w.org\/{rel}","templated":true}]}}