{"id":256132,"date":"2018-12-06T20:02:24","date_gmt":"2018-12-06T19:02:24","guid":{"rendered":"https:\/\/hashtag.al\/?p=256132"},"modified":"2018-12-06T20:19:37","modified_gmt":"2018-12-06T19:19:37","slug":"neser-zgjidhet-pasardhesja-e-angela-merkelit","status":"publish","type":"post","link":"https:\/\/www.hashtag.al\/index.php\/2018\/12\/06\/neser-zgjidhet-pasardhesja-e-angela-merkelit\/","title":{"rendered":"Nes\u00ebr zgjidhet pasardh\u00ebsja e Angela Merkelit","gt_translate_keys":[{"key":"rendered","format":"text"}]},"content":{"rendered":"<p><img loading=\"lazy\" decoding=\"async\" class=\"alignnone size-full wp-image-256135\" src=\"https:\/\/hashtag.al\/wp-content\/uploads\/2018\/12\/merkel.jpg\" alt=\"\" width=\"633\" height=\"347\" srcset=\"https:\/\/www.hashtag.al\/wp-content\/uploads\/2018\/12\/merkel.jpg 633w, https:\/\/www.hashtag.al\/wp-content\/uploads\/2018\/12\/merkel-300x164.jpg 300w\" sizes=\"auto, (max-width: 633px) 100vw, 633px\" \/><\/p>\n<p>Nes\u00ebr n\u00eb Gjermani do t\u00eb zgjidhet pasardh\u00ebsja e Merkelit.\u00a0 Udh\u00ebheq\u00ebsja e CDU dhe kancelarja e Gjermanis\u00eb q\u00eb nga viti 2005, Angela Merkel,\u00a0njoftoi n\u00eb tetor se largohet nga pozita e liderit t\u00eb partis\u00eb dhe nuk kishte n\u00eb plan t\u00eb rihapte gar\u00ebn p\u00ebr postin e kancelares.<\/p>\n<div id=\"article-text\">\n<p>Zgjedhja e pasardh\u00ebsit t\u00eb saj do t\u00eb b\u00ebhet n\u00eb nj\u00eb kongres partiak n\u00eb Hamburg, ku marrin pjes\u00eb 1.001 delegat\u00eb.<\/p>\n<p class=\"teads-adCall\">Nd\u00ebr delegat\u00ebt, do t\u00eb ket\u00eb shum\u00eb politikan\u00eb profesionist\u00eb apo t\u00eb rast\u00ebsish\u00ebm n\u00eb nivel shtet\u00ebror, rajonal apo lokal.<\/p>\n<p><img loading=\"lazy\" decoding=\"async\" class=\"alignnone size-full wp-image-255632\" src=\"https:\/\/hashtag.al\/wp-content\/uploads\/2018\/12\/angela-merkel-148497108.jpg\" alt=\"\" width=\"968\" height=\"681\" srcset=\"https:\/\/www.hashtag.al\/wp-content\/uploads\/2018\/12\/angela-merkel-148497108.jpg 968w, https:\/\/www.hashtag.al\/wp-content\/uploads\/2018\/12\/angela-merkel-148497108-300x211.jpg 300w, https:\/\/www.hashtag.al\/wp-content\/uploads\/2018\/12\/angela-merkel-148497108-768x540.jpg 768w\" sizes=\"auto, (max-width: 968px) 100vw, 968px\" \/><\/p>\n<p>&nbsp;<\/p>\n<\/div>\n","protected":false,"gt_translate_keys":[{"key":"rendered","format":"html"}]},"excerpt":{"rendered":"<p>Nes\u00ebr n\u00eb Gjermani do t\u00eb zgjidhet pasardh\u00ebsja e Merkelit.\u00a0 Udh\u00ebheq\u00ebsja e CDU dhe kancelarja e Gjermanis\u00eb q\u00eb nga viti 2005, Angela Merkel,\u00a0njoftoi n\u00eb tetor se largohet nga pozita e liderit t\u00eb partis\u00eb dhe nuk kishte n\u00eb plan t\u00eb rihapte gar\u00ebn p\u00ebr postin e kancelares. Zgjedhja e pasardh\u00ebsit t\u00eb saj do t\u00eb b\u00ebhet n\u00eb nj\u00eb kongres [&hellip;]<\/p>\n","protected":false,"gt_translate_keys":[{"key":"rendered","format":"html"}]},"author":30,"featured_media":256135,"comment_status":"open","ping_status":"open","sticky":false,"template":"","format":"standard","meta":{"footnotes":""},"categories":[6],"tags":[],"class_list":["post-256132","post","type-post","status-publish","format-standard","has-post-thumbnail","hentry","category-nderkombetare"],"gt_translate_keys":[{"key":"link","format":"url"}],"_links":{"self":[{"href":"https:\/\/www.hashtag.al\/index.php\/wp-json\/wp\/v2\/posts\/256132","targetHints":{"allow":["GET"]}}],"collection":[{"href":"https:\/\/www.hashtag.al\/index.php\/wp-json\/wp\/v2\/posts"}],"about":[{"href":"https:\/\/www.hashtag.al\/index.php\/wp-json\/wp\/v2\/types\/post"}],"author":[{"embeddable":true,"href":"https:\/\/www.hashtag.al\/index.php\/wp-json\/wp\/v2\/users\/30"}],"replies":[{"embeddable":true,"href":"https:\/\/www.hashtag.al\/index.php\/wp-json\/wp\/v2\/comments?post=256132"}],"version-history":[{"count":0,"href":"https:\/\/www.hashtag.al\/index.php\/wp-json\/wp\/v2\/posts\/256132\/revisions"}],"wp:featuredmedia":[{"embeddable":true,"href":"https:\/\/www.hashtag.al\/index.php\/wp-json\/wp\/v2\/media\/256135"}],"wp:attachment":[{"href":"https:\/\/www.hashtag.al\/index.php\/wp-json\/wp\/v2\/media?parent=256132"}],"wp:term":[{"taxonomy":"category","embeddable":true,"href":"https:\/\/www.hashtag.al\/index.php\/wp-json\/wp\/v2\/categories?post=256132"},{"taxonomy":"post_tag","embeddable":true,"href":"https:\/\/www.hashtag.al\/index.php\/wp-json\/wp\/v2\/tags?post=256132"}],"curies":[{"name":"wp","href":"https:\/\/api.w.org\/{rel}","templated":true}]}}