{"id":256105,"date":"2018-12-06T18:19:34","date_gmt":"2018-12-06T17:19:34","guid":{"rendered":"https:\/\/hashtag.al\/?p=256105"},"modified":"2018-12-06T18:20:11","modified_gmt":"2018-12-06T17:20:11","slug":"protestat-e-studenteve-jehone-ne-mediat-nderkombetare","status":"publish","type":"post","link":"https:\/\/www.hashtag.al\/index.php\/2018\/12\/06\/protestat-e-studenteve-jehone-ne-mediat-nderkombetare\/","title":{"rendered":"Protestat e student\u00ebve jehon\u00eb n\u00eb mediat nd\u00ebrkomb\u00ebtare","gt_translate_keys":[{"key":"rendered","format":"text"}]},"content":{"rendered":"<p><span style=\"color: #000000;\">N\u00eb dit\u00ebn e tyre t\u00eb dyt\u00eb t\u00eb protest\u00ebs para Ministris\u00eb s\u00eb Arsimit, student\u00ebt k\u00ebrkuan ulje t\u00eb tarifave t\u00eb studimeve, nd\u00ebrsa pika 4 e Vendimit t\u00eb K\u00ebshillit t\u00eb Ministrave, e cila parashikonte pages\u00eb shtes\u00eb p\u00ebr provimet e mbartura \u00ebsht\u00eb shfuqizuar zyrtarisht.<\/span><\/p>\n<p><span style=\"color: #000000;\">Por kjo protest\u00eb jo vet\u00ebm q\u00eb t\u00ebrhoqi v\u00ebmendjen e e gjith\u00eb shqiptar\u00ebve por edhe t\u00eb mediave t\u00eb huaja prestigjoze, si \u201cThe New York Times\u201d, \u201cWashington Post\u201d, \u201cThe Seattle Times\u201d, etj.<\/span><\/p>\n<p><span style=\"color: #000000;\">4 k\u00ebrkesat e student\u00ebve jan\u00eb:<\/span><br \/>\n<span style=\"color: #000000;\">1. Anulimi i VKM p\u00ebr tarifa shtes\u00eb.<\/span><br \/>\n<span style=\"color: #000000;\">2. P\u00ebrgjysmimi i tarif\u00ebs s\u00eb studimit.<\/span><br \/>\n<span style=\"color: #000000;\">3. P\u00ebrmir\u00ebsimi i kushteve t\u00eb konvikteve.<\/span><br \/>\n<span style=\"color: #000000;\">4. Bordi i Administrimit t\u00eb ket\u00eb\u0308 num\u00ebr t\u00eb barabart\u00eb votash mes fakulteteve dhe Ministris\u00eb se Arsimit, duke shtuar nj\u00eb p\u00ebrfaq\u00ebsues nga studentet ne bord.<\/span><\/p>\n<p><strong>Mediat nd\u00ebrkomb\u00ebtare:<\/strong><\/p>\n<p><img loading=\"lazy\" decoding=\"async\" class=\"alignnone size-full wp-image-256109\" src=\"https:\/\/hashtag.al\/wp-content\/uploads\/2018\/12\/1.jpg\" alt=\"\" width=\"1040\" height=\"883\" srcset=\"https:\/\/www.hashtag.al\/wp-content\/uploads\/2018\/12\/1.jpg 1040w, https:\/\/www.hashtag.al\/wp-content\/uploads\/2018\/12\/1-300x255.jpg 300w, https:\/\/www.hashtag.al\/wp-content\/uploads\/2018\/12\/1-768x652.jpg 768w, https:\/\/www.hashtag.al\/wp-content\/uploads\/2018\/12\/1-1024x869.jpg 1024w\" sizes=\"auto, (max-width: 1040px) 100vw, 1040px\" \/><\/p>\n<p><img loading=\"lazy\" decoding=\"async\" class=\"alignnone size-full wp-image-256110\" src=\"https:\/\/hashtag.al\/wp-content\/uploads\/2018\/12\/2.jpg\" alt=\"\" width=\"946\" height=\"917\" srcset=\"https:\/\/www.hashtag.al\/wp-content\/uploads\/2018\/12\/2.jpg 946w, https:\/\/www.hashtag.al\/wp-content\/uploads\/2018\/12\/2-300x291.jpg 300w, https:\/\/www.hashtag.al\/wp-content\/uploads\/2018\/12\/2-768x744.jpg 768w\" sizes=\"auto, (max-width: 946px) 100vw, 946px\" \/><\/p>\n<p><img loading=\"lazy\" decoding=\"async\" class=\"alignnone size-full wp-image-256111\" src=\"https:\/\/hashtag.al\/wp-content\/uploads\/2018\/12\/4.jpg\" alt=\"\" width=\"1034\" height=\"917\" srcset=\"https:\/\/www.hashtag.al\/wp-content\/uploads\/2018\/12\/4.jpg 1034w, https:\/\/www.hashtag.al\/wp-content\/uploads\/2018\/12\/4-300x266.jpg 300w, https:\/\/www.hashtag.al\/wp-content\/uploads\/2018\/12\/4-768x681.jpg 768w, https:\/\/www.hashtag.al\/wp-content\/uploads\/2018\/12\/4-1024x908.jpg 1024w\" sizes=\"auto, (max-width: 1034px) 100vw, 1034px\" \/><\/p>\n","protected":false,"gt_translate_keys":[{"key":"rendered","format":"html"}]},"excerpt":{"rendered":"<p>N\u00eb dit\u00ebn e tyre t\u00eb dyt\u00eb t\u00eb protest\u00ebs para Ministris\u00eb s\u00eb Arsimit, student\u00ebt k\u00ebrkuan ulje t\u00eb tarifave t\u00eb studimeve, nd\u00ebrsa pika 4 e Vendimit t\u00eb K\u00ebshillit t\u00eb Ministrave, e cila parashikonte pages\u00eb shtes\u00eb p\u00ebr provimet e mbartura \u00ebsht\u00eb shfuqizuar zyrtarisht. Por kjo protest\u00eb jo vet\u00ebm q\u00eb t\u00ebrhoqi v\u00ebmendjen e e gjith\u00eb shqiptar\u00ebve por edhe t\u00eb [&hellip;]<\/p>\n","protected":false,"gt_translate_keys":[{"key":"rendered","format":"html"}]},"author":30,"featured_media":256110,"comment_status":"open","ping_status":"open","sticky":false,"template":"","format":"standard","meta":{"footnotes":""},"categories":[65],"tags":[],"class_list":["post-256105","post","type-post","status-publish","format-standard","has-post-thumbnail","hentry","category-lajme"],"gt_translate_keys":[{"key":"link","format":"url"}],"_links":{"self":[{"href":"https:\/\/www.hashtag.al\/index.php\/wp-json\/wp\/v2\/posts\/256105","targetHints":{"allow":["GET"]}}],"collection":[{"href":"https:\/\/www.hashtag.al\/index.php\/wp-json\/wp\/v2\/posts"}],"about":[{"href":"https:\/\/www.hashtag.al\/index.php\/wp-json\/wp\/v2\/types\/post"}],"author":[{"embeddable":true,"href":"https:\/\/www.hashtag.al\/index.php\/wp-json\/wp\/v2\/users\/30"}],"replies":[{"embeddable":true,"href":"https:\/\/www.hashtag.al\/index.php\/wp-json\/wp\/v2\/comments?post=256105"}],"version-history":[{"count":0,"href":"https:\/\/www.hashtag.al\/index.php\/wp-json\/wp\/v2\/posts\/256105\/revisions"}],"wp:featuredmedia":[{"embeddable":true,"href":"https:\/\/www.hashtag.al\/index.php\/wp-json\/wp\/v2\/media\/256110"}],"wp:attachment":[{"href":"https:\/\/www.hashtag.al\/index.php\/wp-json\/wp\/v2\/media?parent=256105"}],"wp:term":[{"taxonomy":"category","embeddable":true,"href":"https:\/\/www.hashtag.al\/index.php\/wp-json\/wp\/v2\/categories?post=256105"},{"taxonomy":"post_tag","embeddable":true,"href":"https:\/\/www.hashtag.al\/index.php\/wp-json\/wp\/v2\/tags?post=256105"}],"curies":[{"name":"wp","href":"https:\/\/api.w.org\/{rel}","templated":true}]}}