{"id":256046,"date":"2018-12-06T14:49:24","date_gmt":"2018-12-06T13:49:24","guid":{"rendered":"https:\/\/hashtag.al\/?p=256046"},"modified":"2018-12-06T14:50:03","modified_gmt":"2018-12-06T13:50:03","slug":"2-deklarata-brenda-2-oresh-kush-ia-kerkoi-nikolles-se-ngujuar-ngritjen-e-grupeve-te-punes","status":"publish","type":"post","link":"https:\/\/www.hashtag.al\/index.php\/2018\/12\/06\/2-deklarata-brenda-2-oresh-kush-ia-kerkoi-nikolles-se-ngujuar-ngritjen-e-grupeve-te-punes\/","title":{"rendered":"2 deklarata brenda 2 or\u00ebsh. Kush ia k\u00ebrkoi Nikoll\u00ebs &#8220;s\u00eb ngujuar&#8221; ngritjen e grupeve t\u00eb pun\u00ebs?!","gt_translate_keys":[{"key":"rendered","format":"text"}]},"content":{"rendered":"<p><span style=\"color: #000000;\"><img loading=\"lazy\" decoding=\"async\" class=\"aligncenter size-full wp-image-256047\" src=\"https:\/\/hashtag.al\/wp-content\/uploads\/2018\/12\/uninikolla6dhjetor.jpg\" alt=\"\" width=\"2000\" height=\"1000\" srcset=\"https:\/\/www.hashtag.al\/wp-content\/uploads\/2018\/12\/uninikolla6dhjetor.jpg 2000w, https:\/\/www.hashtag.al\/wp-content\/uploads\/2018\/12\/uninikolla6dhjetor-300x150.jpg 300w, https:\/\/www.hashtag.al\/wp-content\/uploads\/2018\/12\/uninikolla6dhjetor-768x384.jpg 768w, https:\/\/www.hashtag.al\/wp-content\/uploads\/2018\/12\/uninikolla6dhjetor-1024x512.jpg 1024w\" sizes=\"auto, (max-width: 2000px) 100vw, 2000px\" \/><\/span><\/p>\n<p><span style=\"color: #000000;\">Pas deklarat\u00ebs s\u00eb b\u00ebr\u00eb gjat\u00eb takimit me rektor\u00ebt dhe dekan\u00ebt e universiteteve n\u00eb vend, ministrja Nikolla ka b\u00ebr\u00eb s\u00ebrish nj\u00eb deklarat\u00eb p\u00ebr mediat, po nga selia e institucionit q\u00eb drejton. <\/span><\/p>\n<p><span style=\"color: #000000;\">Ajo theksoi se i vjen mir\u00eb q\u00eb ka marr\u00eb reagim inkurajues nga disa k\u00ebshilla studentor\u00eb. M\u00eb tej Nikolla tha se protesta tregoi sa pak informacion dhe sa pak komunikim kishte te student\u00ebt p\u00ebr at\u00eb q\u00eb do sjell\u00eb reforma n\u00eb Arsimin e Lart\u00eb. <\/span><\/p>\n<p><span style=\"color: #000000;\">Sipas Nikoll\u00ebs, ajo ka marr\u00eb nj\u00eb k\u00ebrkes\u00eb nga k\u00ebshillat studentor\u00eb p\u00ebr ngritjen e grupeve t\u00eb pun\u00ebs p\u00ebr 3 pikat q\u00eb nuk jan\u00eb plot\u00ebsuar ende.<\/span><\/p>\n<p><span style=\"color: #000000;\"><em>\u201cFaleminderit q\u00eb keni p\u00ebrcjell\u00eb t\u00eb gjith\u00eb komunikimin n\u00eb k\u00ebto dit\u00eb. M\u00eb vjen mir\u00eb q\u00eb kam marr\u00eb reagim inkurajues nga disa k\u00ebshilla studentor\u00eb. Kemi koh\u00ebn q\u00eb presim nj\u00eb angazhim edhe m\u00eb t\u00eb madh t\u00eb student\u00ebve p\u00ebr modernizimin e \u00e7do institucioni t\u00eb arsimit t\u00eb lart\u00eb. Kjo protest\u00eb tregoi se sa pak informacion dhe sa pak komunikim kishte tek student\u00ebt p\u00ebr at\u00eb q\u00eb sjell reforma e arsimit t\u00eb lart\u00eb. <\/em><\/span><\/p>\n<p><span style=\"color: #000000;\"><em>M\u00eb shum\u00eb se sa r\u00ebnd\u00ebsia p\u00ebr t\u00eb shfuqizuar pik\u00ebn 4 t\u00eb VKM kjo protest\u00eb ia vlejti sh\u00ebrbeu si nj\u00eb katalizator p\u00ebr nj\u00eb debat shterues brenda universitetit. Kam marr\u00eb nj\u00eb k\u00ebrkes\u00eb nga k\u00ebshillat studentor\u00eb q\u00eb e miratoj me t\u00eb dy duart q\u00eb t\u00eb ngrihen grupe pune p\u00ebr 3 pikat e tjera. Jam shum\u00eb dakord p\u00ebr t\u00eb nd\u00ebrtuar nj\u00eb dialog ku \u00e7do aktor n\u00eb jet\u00ebn e universitetit t\u2019i b\u00ebj\u00eb transparente p\u00ebr gjith\u00e7ka q\u00eb b\u00ebhet n\u00eb jet\u00ebn universitare.\u201d<\/em> &#8211; deklaroi Nikolla.<\/span><\/p>\n<p><span style=\"color: #000000;\">Nd\u00ebrkoh\u00eb student\u00ebt kan\u00eb kund\u00ebrshtuar negociatat e k\u00ebrkuara nga ministrja Nikolla duke th\u00ebn\u00eb se ata nuk kan\u00eb b\u00ebr\u00eb asnj\u00eb k\u00ebrkes\u00eb p\u00ebr ngritjen e grupeve t\u00eb pun\u00ebs q\u00eb p\u00ebrmendi ministrja n\u00eb deklarat\u00ebn e dyt\u00eb prej saj para pak minutash.<\/span><\/p>\n","protected":false,"gt_translate_keys":[{"key":"rendered","format":"html"}]},"excerpt":{"rendered":"<p>Pas deklarat\u00ebs s\u00eb b\u00ebr\u00eb gjat\u00eb takimit me rektor\u00ebt dhe dekan\u00ebt e universiteteve n\u00eb vend, ministrja Nikolla ka b\u00ebr\u00eb s\u00ebrish nj\u00eb deklarat\u00eb p\u00ebr mediat, po nga selia e institucionit q\u00eb drejton. Ajo theksoi se i vjen mir\u00eb q\u00eb ka marr\u00eb reagim inkurajues nga disa k\u00ebshilla studentor\u00eb. M\u00eb tej Nikolla tha se protesta tregoi sa pak informacion [&hellip;]<\/p>\n","protected":false,"gt_translate_keys":[{"key":"rendered","format":"html"}]},"author":51,"featured_media":256048,"comment_status":"open","ping_status":"open","sticky":false,"template":"","format":"standard","meta":{"footnotes":""},"categories":[65],"tags":[],"class_list":["post-256046","post","type-post","status-publish","format-standard","has-post-thumbnail","hentry","category-lajme"],"gt_translate_keys":[{"key":"link","format":"url"}],"_links":{"self":[{"href":"https:\/\/www.hashtag.al\/index.php\/wp-json\/wp\/v2\/posts\/256046","targetHints":{"allow":["GET"]}}],"collection":[{"href":"https:\/\/www.hashtag.al\/index.php\/wp-json\/wp\/v2\/posts"}],"about":[{"href":"https:\/\/www.hashtag.al\/index.php\/wp-json\/wp\/v2\/types\/post"}],"author":[{"embeddable":true,"href":"https:\/\/www.hashtag.al\/index.php\/wp-json\/wp\/v2\/users\/51"}],"replies":[{"embeddable":true,"href":"https:\/\/www.hashtag.al\/index.php\/wp-json\/wp\/v2\/comments?post=256046"}],"version-history":[{"count":0,"href":"https:\/\/www.hashtag.al\/index.php\/wp-json\/wp\/v2\/posts\/256046\/revisions"}],"wp:featuredmedia":[{"embeddable":true,"href":"https:\/\/www.hashtag.al\/index.php\/wp-json\/wp\/v2\/media\/256048"}],"wp:attachment":[{"href":"https:\/\/www.hashtag.al\/index.php\/wp-json\/wp\/v2\/media?parent=256046"}],"wp:term":[{"taxonomy":"category","embeddable":true,"href":"https:\/\/www.hashtag.al\/index.php\/wp-json\/wp\/v2\/categories?post=256046"},{"taxonomy":"post_tag","embeddable":true,"href":"https:\/\/www.hashtag.al\/index.php\/wp-json\/wp\/v2\/tags?post=256046"}],"curies":[{"name":"wp","href":"https:\/\/api.w.org\/{rel}","templated":true}]}}